{"id":3013,"date":"2025-09-08T22:10:35","date_gmt":"2025-09-08T22:10:35","guid":{"rendered":"https:\/\/anarpam.mr\/?p=3013"},"modified":"2025-09-08T22:40:36","modified_gmt":"2025-09-08T22:40:36","slug":"septieme-conference-internationale-sur-les-mines-et-les-energies","status":"publish","type":"post","link":"https:\/\/anarpam.mr\/en\/2025\/09\/08\/septieme-conference-internationale-sur-les-mines-et-les-energies\/","title":{"rendered":"Septi\u00e8me Conf\u00e9rence Internationale sur les Mines et les Energies"},"content":{"rendered":"<div data-elementor-type=\"wp-post\" data-elementor-id=\"3013\" class=\"elementor elementor-3013\" data-elementor-post-type=\"post\">\n\t\t\t\t\t\t<div class=\"elementor-inner\">\n\t\t\t\t<div class=\"elementor-section-wrap\">\n\t\t\t\t\t\t\t\t\t<section class=\"penci-section penci-disSticky penci-structure-10 elementor-section elementor-top-section elementor-element elementor-element-49bd9fd3 elementor-section-boxed elementor-section-height-default elementor-section-height-default\" data-id=\"49bd9fd3\" data-element_type=\"section\">\n\t\t\t\t\t\t<div class=\"elementor-container elementor-column-gap-default\">\n\t\t\t\t\t\t\t<div class=\"elementor-row\">\n\t\t\t\t\t<div class=\"penci-ercol-100 penci-ercol-order-1 penci-sticky-ct    elementor-column elementor-col-100 elementor-top-column elementor-element elementor-element-4af9fbf5\" data-id=\"4af9fbf5\" data-element_type=\"column\">\n\t\t\t<div class=\"theiaStickySidebar elementor-column-wrap elementor-element-populated\">\n\t\t\t\t\t\t\t<div class=\"elementor-widget-wrap\">\n\t\t\t\t\t\t<div class=\"elementor-element elementor-element-6201735a elementor-widget elementor-widget-text-editor\" data-id=\"6201735a\" data-element_type=\"widget\" data-widget_type=\"text-editor.default\">\n\t\t\t\t<div class=\"elementor-widget-container\">\n\t\t\t<style>\/*! elementor - v3.17.0 - 01-11-2023 *\/\n.elementor-widget-text-editor.elementor-drop-cap-view-stacked .elementor-drop-cap{background-color:#69727d;color:#fff}.elementor-widget-text-editor.elementor-drop-cap-view-framed .elementor-drop-cap{color:#69727d;border:3px solid;background-color:transparent}.elementor-widget-text-editor:not(.elementor-drop-cap-view-default) .elementor-drop-cap{margin-top:8px}.elementor-widget-text-editor:not(.elementor-drop-cap-view-default) .elementor-drop-cap-letter{width:1em;height:1em}.elementor-widget-text-editor .elementor-drop-cap{float:left;text-align:center;line-height:1;font-size:50px}.elementor-widget-text-editor .elementor-drop-cap-letter{display:inline-block}<\/style>\t\t\t\t\t<div class=\"elementor-text-editor elementor-clearfix\">\n\t\t\t\t<p>L\u2019Agence Nationale des Recherches G\u00e9ologiques et du Patrimoine Minier (ANARPAM) a particip\u00e9 \u00e0 la 7eme Conf\u00e9rence Internationale sur les Mines et les Energies qui se d\u00e9roule du 08 au 10 septembre au Centre International de Conf\u00e9rence Al Mourabitoun \u00e0 Nouakchott.<\/p>\n<p>Au cours de cette conf\u00e9rence, \u00e0 laquelle participe plusieurs compagnies, d\u00e9l\u00e9gations de groupe miniers, p\u00e9troliers et \u00e9nerg\u00e9tiques, l\u2019ANARPAM a mis en place un stand d\u2019exposition pour pr\u00e9senter le potentiel g\u00e9ologique et minier de la Mauritanie.&nbsp;<\/p>\n<p>Le Stand de l\u2019ANARPAM a eu l&rsquo;honneur de recevoir Son Excellence Monsieur le Pr\u00e9sident de la R\u00e9publique accompagn\u00e9 de Monsieur le Ministre des Mines et de l\u2019Industrie ainsi que d&rsquo;une d\u00e9l\u00e9gation minist\u00e9rielle.<\/p>\n<p>Au cours de cette visite le Directeur G\u00e9n\u00e9ral de l\u2019Agence a fait une pr\u00e9sentation sur les potentialit\u00e9s g\u00e9ologiques de la Mauritanie et sur les activit\u00e9s de recherches que l\u2019Agence a engag\u00e9 depuis sa cr\u00e9ation.<\/p>\n<p>En marge de cette conf\u00e9rences, le Directeur G\u00e9n\u00e9ral de l\u2019ANARPAM a \u00e9galement accueilli une d\u00e9l\u00e9gation du grand g\u00e9ant minier Red back, ainsi qu\u2019une d\u00e9l\u00e9gation de la soci\u00e9t\u00e9 des mines du S\u00e9n\u00e9gal o\u00f9 il a pr\u00e9sent\u00e9 les activit\u00e9s de l\u2019Agence et ses projets de recherches g\u00e9ologiques en cours.<\/p>\t\t\t\t\t<\/div>\n\t\t\t\t\t\t<\/div>\n\t\t\t\t<\/div>\n\t\t\t\t\t\t<\/div>\n\t\t\t\t\t<\/div>\n\t\t<\/div>\n\t\t\t\t\t\t\t\t<\/div>\n\t\t\t\t\t<\/div>\n\t\t<\/section>\n\t\t\t\t<section class=\"penci-section penci-disSticky penci-structure-10 elementor-section elementor-top-section elementor-element elementor-element-b75d085 elementor-section-boxed elementor-section-height-default elementor-section-height-default\" data-id=\"b75d085\" data-element_type=\"section\">\n\t\t\t\t\t\t<div class=\"elementor-container elementor-column-gap-default\">\n\t\t\t\t\t\t\t<div class=\"elementor-row\">\n\t\t\t\t\t<div class=\"penci-ercol-100 penci-ercol-order-1 penci-sticky-ct    elementor-column elementor-col-100 elementor-top-column elementor-element elementor-element-1143c49\" data-id=\"1143c49\" data-element_type=\"column\">\n\t\t\t<div class=\"theiaStickySidebar elementor-column-wrap elementor-element-populated\">\n\t\t\t\t\t\t\t<div class=\"elementor-widget-wrap\">\n\t\t\t\t\t\t<div class=\"elementor-element elementor-element-7b88982 elementor-widget elementor-widget-gallery\" data-id=\"7b88982\" data-element_type=\"widget\" data-settings=\"{&quot;lazyload&quot;:&quot;yes&quot;,&quot;gallery_layout&quot;:&quot;grid&quot;,&quot;columns&quot;:4,&quot;columns_tablet&quot;:2,&quot;columns_mobile&quot;:1,&quot;gap&quot;:{&quot;unit&quot;:&quot;px&quot;,&quot;size&quot;:10,&quot;sizes&quot;:[]},&quot;gap_tablet&quot;:{&quot;unit&quot;:&quot;px&quot;,&quot;size&quot;:10,&quot;sizes&quot;:[]},&quot;gap_mobile&quot;:{&quot;unit&quot;:&quot;px&quot;,&quot;size&quot;:10,&quot;sizes&quot;:[]},&quot;link_to&quot;:&quot;file&quot;,&quot;aspect_ratio&quot;:&quot;3:2&quot;,&quot;overlay_background&quot;:&quot;yes&quot;,&quot;content_hover_animation&quot;:&quot;fade-in&quot;}\" data-widget_type=\"gallery.default\">\n\t\t\t\t<div class=\"elementor-widget-container\">\n\t\t\t<style>\/*! elementor-pro - v3.17.0 - 01-11-2023 *\/\n.elementor-gallery__container{min-height:1px}.elementor-gallery-item{position:relative;overflow:hidden;display:block;text-decoration:none;border:solid var(--image-border-width) var(--image-border-color);border-radius:var(--image-border-radius)}.elementor-gallery-item__content,.elementor-gallery-item__overlay{height:100%;width:100%;position:absolute;top:0;left:0}.elementor-gallery-item__overlay{mix-blend-mode:var(--overlay-mix-blend-mode);transition-duration:var(--overlay-transition-duration);transition-property:mix-blend-mode,transform,opacity,background-color}.elementor-gallery-item__image.e-gallery-image{transition-duration:var(--image-transition-duration);transition-property:filter,transform}.elementor-gallery-item__content{display:flex;flex-direction:column;justify-content:var(--content-justify-content,center);align-items:center;text-align:var(--content-text-align);padding:var(--content-padding)}.elementor-gallery-item__content>div{transition-duration:var(--content-transition-duration)}.elementor-gallery-item__content.elementor-gallery--sequenced-animation>div:nth-child(2){transition-delay:calc(var(--content-transition-delay) \/ 3)}.elementor-gallery-item__content.elementor-gallery--sequenced-animation>div:nth-child(3){transition-delay:calc(var(--content-transition-delay) \/ 3 * 2)}.elementor-gallery-item__content.elementor-gallery--sequenced-animation>div:nth-child(4){transition-delay:calc(var(--content-transition-delay) \/ 3 * 3)}.elementor-gallery-item__description{color:var(--description-text-color,#fff);width:100%}.elementor-gallery-item__title{color:var(--title-text-color,#fff);font-weight:700;width:100%}.elementor-gallery__titles-container{display:flex;flex-wrap:wrap;justify-content:var(--titles-container-justify-content,center);margin-bottom:20px}.elementor-gallery__titles-container:not(.e--pointer-framed) .elementor-item:after,.elementor-gallery__titles-container:not(.e--pointer-framed) .elementor-item:before{background-color:var(--galleries-pointer-bg-color-hover)}.elementor-gallery__titles-container:not(.e--pointer-framed) .elementor-item.elementor-item-active:after,.elementor-gallery__titles-container:not(.e--pointer-framed) .elementor-item.elementor-item-active:before{background-color:var(--galleries-pointer-bg-color-active)}.elementor-gallery__titles-container.e--pointer-framed .elementor-item:before{border-color:var(--galleries-pointer-bg-color-hover);border-width:var(--galleries-pointer-border-width)}.elementor-gallery__titles-container.e--pointer-framed .elementor-item:after{border-color:var(--galleries-pointer-bg-color-hover)}.elementor-gallery__titles-container.e--pointer-framed .elementor-item.elementor-item-active:after,.elementor-gallery__titles-container.e--pointer-framed .elementor-item.elementor-item-active:before{border-color:var(--galleries-pointer-bg-color-active)}.elementor-gallery__titles-container.e--pointer-framed.e--animation-draw .elementor-item:before{border-left-width:var(--galleries-pointer-border-width);border-bottom-width:var(--galleries-pointer-border-width);border-right-width:0;border-top-width:0}.elementor-gallery__titles-container.e--pointer-framed.e--animation-draw .elementor-item:after{border-left-width:0;border-bottom-width:0;border-right-width:var(--galleries-pointer-border-width);border-top-width:var(--galleries-pointer-border-width)}.elementor-gallery__titles-container.e--pointer-framed.e--animation-corners .elementor-item:before{border-left-width:var(--galleries-pointer-border-width);border-bottom-width:0;border-right-width:0;border-top-width:var(--galleries-pointer-border-width)}.elementor-gallery__titles-container.e--pointer-framed.e--animation-corners .elementor-item:after{border-left-width:0;border-bottom-width:var(--galleries-pointer-border-width);border-right-width:var(--galleries-pointer-border-width);border-top-width:0}.elementor-gallery__titles-container .e--pointer-double-line .elementor-item:after,.elementor-gallery__titles-container .e--pointer-double-line .elementor-item:before,.elementor-gallery__titles-container .e--pointer-overline .elementor-item:before,.elementor-gallery__titles-container .e--pointer-underline .elementor-item:after{height:var(--galleries-pointer-border-width)}.elementor-gallery-title{--space-between:10px;cursor:pointer;color:#6d7882;font-weight:500;position:relative;padding:7px 14px;transition:all .3s}.elementor-gallery-title--active{color:#495157}.elementor-gallery-title:not(:last-child){margin-right:var(--space-between)}.elementor-gallery-item__title+.elementor-gallery-item__description{margin-top:var(--description-margin-top)}.e-gallery-item.elementor-gallery-item{transition-property:all}.e-gallery-item.elementor-animated-content .elementor-animated-item--enter-from-bottom,.e-gallery-item.elementor-animated-content .elementor-animated-item--enter-from-left,.e-gallery-item.elementor-animated-content .elementor-animated-item--enter-from-right,.e-gallery-item.elementor-animated-content .elementor-animated-item--enter-from-top,.e-gallery-item:focus .elementor-gallery__item-overlay-bg,.e-gallery-item:focus .elementor-gallery__item-overlay-content,.e-gallery-item:focus .elementor-gallery__item-overlay-content__description,.e-gallery-item:focus .elementor-gallery__item-overlay-content__title,.e-gallery-item:hover .elementor-gallery__item-overlay-bg,.e-gallery-item:hover .elementor-gallery__item-overlay-content,.e-gallery-item:hover .elementor-gallery__item-overlay-content__description,.e-gallery-item:hover .elementor-gallery__item-overlay-content__title{opacity:1}a.elementor-item.elementor-gallery-title{color:var(--galleries-title-color-normal)}a.elementor-item.elementor-gallery-title.elementor-item-active,a.elementor-item.elementor-gallery-title.highlighted,a.elementor-item.elementor-gallery-title:focus,a.elementor-item.elementor-gallery-title:hover{color:var(--galleries-title-color-hover)}a.elementor-item.elementor-gallery-title.elementor-item-active{color:var(--gallery-title-color-active)}.e-con-inner>.elementor-widget-gallery,.e-con>.elementor-widget-gallery{width:var(--container-widget-width);--flex-grow:var(--container-widget-flex-grow)}<\/style>\t\t<div class=\"elementor-gallery__container\">\n\t\t\t\t\t\t\t<a class=\"e-gallery-item elementor-gallery-item elementor-animated-content\" href=\"https:\/\/anarpam.mr\/wp-content\/uploads\/2025\/09\/WhatsApp-Image-2025-09-08-at-9.51.30-PM-3.jpeg\" data-elementor-open-lightbox=\"yes\" data-elementor-lightbox-slideshow=\"7b88982\" data-elementor-lightbox-title=\"WhatsApp Image 2025-09-08 at 9.51.30 PM (3)\" data-e-action-hash=\"#elementor-action%3Aaction%3Dlightbox%26settings%3DeyJpZCI6MzAxOCwidXJsIjoiaHR0cHM6XC9cL2FuYXJwYW0ubXJcL3dwLWNvbnRlbnRcL3VwbG9hZHNcLzIwMjVcLzA5XC9XaGF0c0FwcC1JbWFnZS0yMDI1LTA5LTA4LWF0LTkuNTEuMzAtUE0tMy5qcGVnIiwic2xpZGVzaG93IjoiN2I4ODk4MiJ9\">\n\t\t\t\t\t<div class=\"e-gallery-image elementor-gallery-item__image\" data-thumbnail=\"https:\/\/anarpam.mr\/wp-content\/uploads\/2025\/09\/WhatsApp-Image-2025-09-08-at-9.51.30-PM-3-300x169.jpeg\" data-width=\"300\" data-height=\"169\" aria-label=\"\" role=\"img\" ><\/div>\n\t\t\t\t\t\t\t\t\t\t\t<div class=\"elementor-gallery-item__overlay\"><\/div>\n\t\t\t\t\t\t\t\t\t\t\t\t\t\t<\/a>\n\t\t\t\t\t\t\t<a class=\"e-gallery-item elementor-gallery-item elementor-animated-content\" href=\"https:\/\/anarpam.mr\/wp-content\/uploads\/2025\/09\/WhatsApp-Image-2025-09-08-at-9.51.30-PM-1.jpeg\" data-elementor-open-lightbox=\"yes\" data-elementor-lightbox-slideshow=\"7b88982\" data-elementor-lightbox-title=\"WhatsApp Image 2025-09-08 at 9.51.30 PM (1)\" data-e-action-hash=\"#elementor-action%3Aaction%3Dlightbox%26settings%3DeyJpZCI6MzAxOSwidXJsIjoiaHR0cHM6XC9cL2FuYXJwYW0ubXJcL3dwLWNvbnRlbnRcL3VwbG9hZHNcLzIwMjVcLzA5XC9XaGF0c0FwcC1JbWFnZS0yMDI1LTA5LTA4LWF0LTkuNTEuMzAtUE0tMS5qcGVnIiwic2xpZGVzaG93IjoiN2I4ODk4MiJ9\">\n\t\t\t\t\t<div class=\"e-gallery-image elementor-gallery-item__image\" data-thumbnail=\"https:\/\/anarpam.mr\/wp-content\/uploads\/2025\/09\/WhatsApp-Image-2025-09-08-at-9.51.30-PM-1-300x225.jpeg\" data-width=\"300\" data-height=\"225\" aria-label=\"\" role=\"img\" ><\/div>\n\t\t\t\t\t\t\t\t\t\t\t<div class=\"elementor-gallery-item__overlay\"><\/div>\n\t\t\t\t\t\t\t\t\t\t\t\t\t\t<\/a>\n\t\t\t\t\t\t\t<a class=\"e-gallery-item elementor-gallery-item elementor-animated-content\" href=\"https:\/\/anarpam.mr\/wp-content\/uploads\/2025\/09\/WhatsApp-Image-2025-09-08-at-9.51.30-PM.jpeg\" data-elementor-open-lightbox=\"yes\" data-elementor-lightbox-slideshow=\"7b88982\" data-elementor-lightbox-title=\"WhatsApp Image 2025-09-08 at 9.51.30 PM\" data-e-action-hash=\"#elementor-action%3Aaction%3Dlightbox%26settings%3DeyJpZCI6MzAyMCwidXJsIjoiaHR0cHM6XC9cL2FuYXJwYW0ubXJcL3dwLWNvbnRlbnRcL3VwbG9hZHNcLzIwMjVcLzA5XC9XaGF0c0FwcC1JbWFnZS0yMDI1LTA5LTA4LWF0LTkuNTEuMzAtUE0uanBlZyIsInNsaWRlc2hvdyI6IjdiODg5ODIifQ%3D%3D\">\n\t\t\t\t\t<div class=\"e-gallery-image elementor-gallery-item__image\" data-thumbnail=\"https:\/\/anarpam.mr\/wp-content\/uploads\/2025\/09\/WhatsApp-Image-2025-09-08-at-9.51.30-PM-300x225.jpeg\" data-width=\"300\" data-height=\"225\" aria-label=\"\" role=\"img\" ><\/div>\n\t\t\t\t\t\t\t\t\t\t\t<div class=\"elementor-gallery-item__overlay\"><\/div>\n\t\t\t\t\t\t\t\t\t\t\t\t\t\t<\/a>\n\t\t\t\t\t\t\t<a class=\"e-gallery-item elementor-gallery-item elementor-animated-content\" href=\"https:\/\/anarpam.mr\/wp-content\/uploads\/2025\/09\/WhatsApp-Image-2025-09-08-at-9.51.29-PM-1.jpeg\" data-elementor-open-lightbox=\"yes\" data-elementor-lightbox-slideshow=\"7b88982\" data-elementor-lightbox-title=\"WhatsApp Image 2025-09-08 at 9.51.29 PM (1)\" data-e-action-hash=\"#elementor-action%3Aaction%3Dlightbox%26settings%3DeyJpZCI6MzAyMSwidXJsIjoiaHR0cHM6XC9cL2FuYXJwYW0ubXJcL3dwLWNvbnRlbnRcL3VwbG9hZHNcLzIwMjVcLzA5XC9XaGF0c0FwcC1JbWFnZS0yMDI1LTA5LTA4LWF0LTkuNTEuMjktUE0tMS5qcGVnIiwic2xpZGVzaG93IjoiN2I4ODk4MiJ9\">\n\t\t\t\t\t<div class=\"e-gallery-image elementor-gallery-item__image\" data-thumbnail=\"https:\/\/anarpam.mr\/wp-content\/uploads\/2025\/09\/WhatsApp-Image-2025-09-08-at-9.51.29-PM-1-300x251.jpeg\" data-width=\"300\" data-height=\"251\" aria-label=\"\" role=\"img\" ><\/div>\n\t\t\t\t\t\t\t\t\t\t\t<div class=\"elementor-gallery-item__overlay\"><\/div>\n\t\t\t\t\t\t\t\t\t\t\t\t\t\t<\/a>\n\t\t\t\t\t\t\t<a class=\"e-gallery-item elementor-gallery-item elementor-animated-content\" href=\"https:\/\/anarpam.mr\/wp-content\/uploads\/2025\/09\/WhatsApp-Image-2025-09-08-at-9.51.29-PM.jpeg\" data-elementor-open-lightbox=\"yes\" data-elementor-lightbox-slideshow=\"7b88982\" data-elementor-lightbox-title=\"WhatsApp Image 2025-09-08 at 9.51.29 PM\" data-e-action-hash=\"#elementor-action%3Aaction%3Dlightbox%26settings%3DeyJpZCI6MzAyMiwidXJsIjoiaHR0cHM6XC9cL2FuYXJwYW0ubXJcL3dwLWNvbnRlbnRcL3VwbG9hZHNcLzIwMjVcLzA5XC9XaGF0c0FwcC1JbWFnZS0yMDI1LTA5LTA4LWF0LTkuNTEuMjktUE0uanBlZyIsInNsaWRlc2hvdyI6IjdiODg5ODIifQ%3D%3D\">\n\t\t\t\t\t<div class=\"e-gallery-image elementor-gallery-item__image\" data-thumbnail=\"https:\/\/anarpam.mr\/wp-content\/uploads\/2025\/09\/WhatsApp-Image-2025-09-08-at-9.51.29-PM-300x251.jpeg\" data-width=\"300\" data-height=\"251\" aria-label=\"\" role=\"img\" ><\/div>\n\t\t\t\t\t\t\t\t\t\t\t<div class=\"elementor-gallery-item__overlay\"><\/div>\n\t\t\t\t\t\t\t\t\t\t\t\t\t\t<\/a>\n\t\t\t\t\t<\/div>\n\t\t\t<\/div>\n\t\t\t\t<\/div>\n\t\t\t\t\t\t<\/div>\n\t\t\t\t\t<\/div>\n\t\t<\/div>\n\t\t\t\t\t\t\t\t<\/div>\n\t\t\t\t\t<\/div>\n\t\t<\/section>\n\t\t\t\t\t\t\t\t\t<\/div>\n\t\t\t<\/div>\n\t\t\t\t\t<\/div>","protected":false},"excerpt":{"rendered":"<p>L\u2019Agence Nationale des Recherches G\u00e9ologiques et du Patrimoine Minier (ANARPAM) a particip\u00e9 \u00e0 la 7eme Conf\u00e9rence Internationale sur les Mines et les Energies qui se d\u00e9roule du 08 au 10&hellip;<\/p>","protected":false},"author":1,"featured_media":3014,"comment_status":"open","ping_status":"open","sticky":false,"template":"","format":"standard","meta":{"_lmt_disableupdate":"","_lmt_disable":"","footnotes":""},"categories":[1],"tags":[],"class_list":["post-3013","post","type-post","status-publish","format-standard","has-post-thumbnail","hentry","category-uncategorized"],"yoast_head":"<!-- This site is optimized with the Yoast SEO plugin v16.9 - https:\/\/yoast.com\/wordpress\/plugins\/seo\/ -->\n<title>Septi\u00e8me Conf\u00e9rence Internationale sur les Mines et les Energies - ANARPAM<\/title>\n<meta name=\"robots\" content=\"index, follow, max-snippet:-1, max-image-preview:large, max-video-preview:-1\" \/>\n<link rel=\"canonical\" href=\"https:\/\/anarpam.mr\/en\/2025\/09\/08\/septieme-conference-internationale-sur-les-mines-et-les-energies\/\" \/>\n<meta property=\"og:locale\" content=\"en_US\" \/>\n<meta property=\"og:type\" content=\"article\" \/>\n<meta property=\"og:title\" content=\"Septi\u00e8me Conf\u00e9rence Internationale sur les Mines et les Energies - ANARPAM\" \/>\n<meta property=\"og:description\" content=\"L\u2019Agence Nationale des Recherches G\u00e9ologiques et du Patrimoine Minier (ANARPAM) a particip\u00e9 \u00e0 la 7eme Conf\u00e9rence Internationale sur les Mines et les Energies qui se d\u00e9roule du 08 au 10&hellip;\" \/>\n<meta property=\"og:url\" content=\"https:\/\/anarpam.mr\/en\/2025\/09\/08\/septieme-conference-internationale-sur-les-mines-et-les-energies\/\" \/>\n<meta property=\"og:site_name\" content=\"ANARPAM\" \/>\n<meta property=\"article:published_time\" content=\"2025-09-08T22:10:35+00:00\" \/>\n<meta property=\"article:modified_time\" content=\"2025-09-08T22:40:36+00:00\" \/>\n<meta property=\"og:image\" content=\"https:\/\/anarpam.mr\/wp-content\/uploads\/2025\/09\/WhatsApp-Image-2025-09-08-at-9.51.33-PM.jpeg\" \/>\n\t<meta property=\"og:image:width\" content=\"1020\" \/>\n\t<meta property=\"og:image:height\" content=\"765\" \/>\n<meta name=\"twitter:card\" content=\"summary_large_image\" \/>\n<meta name=\"twitter:label1\" content=\"Written by\" \/>\n\t<meta name=\"twitter:data1\" content=\"admin_anarpam\" \/>\n\t<meta name=\"twitter:label2\" content=\"Est. reading time\" \/>\n\t<meta name=\"twitter:data2\" content=\"1 minute\" \/>\n<script type=\"application\/ld+json\" class=\"yoast-schema-graph\">{\"@context\":\"https:\/\/schema.org\",\"@graph\":[{\"@type\":\"Organization\",\"@id\":\"https:\/\/anarpam.mr\/en\/#organization\",\"name\":\"ANARPAM\",\"url\":\"https:\/\/anarpam.mr\/en\/\",\"sameAs\":[],\"logo\":{\"@type\":\"ImageObject\",\"@id\":\"https:\/\/anarpam.mr\/en\/#logo\",\"inLanguage\":\"en-US\",\"url\":\"https:\/\/anarpam.mr\/wp-content\/uploads\/2026\/04\/favicon-master-512.png\",\"contentUrl\":\"https:\/\/anarpam.mr\/wp-content\/uploads\/2026\/04\/favicon-master-512.png\",\"width\":512,\"height\":512,\"caption\":\"ANARPAM\"},\"image\":{\"@id\":\"https:\/\/anarpam.mr\/en\/#logo\"}},{\"@type\":\"WebSite\",\"@id\":\"https:\/\/anarpam.mr\/en\/#website\",\"url\":\"https:\/\/anarpam.mr\/en\/\",\"name\":\"ANARPAM\",\"description\":\"\",\"publisher\":{\"@id\":\"https:\/\/anarpam.mr\/en\/#organization\"},\"potentialAction\":[{\"@type\":\"SearchAction\",\"target\":{\"@type\":\"EntryPoint\",\"urlTemplate\":\"https:\/\/anarpam.mr\/en\/?s={search_term_string}\"},\"query-input\":\"required name=search_term_string\"}],\"inLanguage\":\"en-US\"},{\"@type\":\"ImageObject\",\"@id\":\"https:\/\/anarpam.mr\/en\/2025\/09\/08\/septieme-conference-internationale-sur-les-mines-et-les-energies\/#primaryimage\",\"inLanguage\":\"en-US\",\"url\":\"https:\/\/anarpam.mr\/wp-content\/uploads\/2025\/09\/WhatsApp-Image-2025-09-08-at-9.51.33-PM.jpeg\",\"contentUrl\":\"https:\/\/anarpam.mr\/wp-content\/uploads\/2025\/09\/WhatsApp-Image-2025-09-08-at-9.51.33-PM.jpeg\",\"width\":1020,\"height\":765},{\"@type\":\"WebPage\",\"@id\":\"https:\/\/anarpam.mr\/en\/2025\/09\/08\/septieme-conference-internationale-sur-les-mines-et-les-energies\/#webpage\",\"url\":\"https:\/\/anarpam.mr\/en\/2025\/09\/08\/septieme-conference-internationale-sur-les-mines-et-les-energies\/\",\"name\":\"Septi\\u00e8me Conf\\u00e9rence Internationale sur les Mines et les Energies - ANARPAM\",\"isPartOf\":{\"@id\":\"https:\/\/anarpam.mr\/en\/#website\"},\"primaryImageOfPage\":{\"@id\":\"https:\/\/anarpam.mr\/en\/2025\/09\/08\/septieme-conference-internationale-sur-les-mines-et-les-energies\/#primaryimage\"},\"datePublished\":\"2025-09-08T22:10:35+00:00\",\"dateModified\":\"2025-09-08T22:40:36+00:00\",\"breadcrumb\":{\"@id\":\"https:\/\/anarpam.mr\/en\/2025\/09\/08\/septieme-conference-internationale-sur-les-mines-et-les-energies\/#breadcrumb\"},\"inLanguage\":\"en-US\",\"potentialAction\":[{\"@type\":\"ReadAction\",\"target\":[\"https:\/\/anarpam.mr\/en\/2025\/09\/08\/septieme-conference-internationale-sur-les-mines-et-les-energies\/\"]}]},{\"@type\":\"BreadcrumbList\",\"@id\":\"https:\/\/anarpam.mr\/en\/2025\/09\/08\/septieme-conference-internationale-sur-les-mines-et-les-energies\/#breadcrumb\",\"itemListElement\":[{\"@type\":\"ListItem\",\"position\":1,\"name\":\"Accueil\",\"item\":\"https:\/\/anarpam.mr\/en\/\"},{\"@type\":\"ListItem\",\"position\":2,\"name\":\"Septi\\u00e8me Conf\\u00e9rence Internationale sur les Mines et les Energies\"}]},{\"@type\":\"Article\",\"@id\":\"https:\/\/anarpam.mr\/en\/2025\/09\/08\/septieme-conference-internationale-sur-les-mines-et-les-energies\/#article\",\"isPartOf\":{\"@id\":\"https:\/\/anarpam.mr\/en\/2025\/09\/08\/septieme-conference-internationale-sur-les-mines-et-les-energies\/#webpage\"},\"author\":{\"@id\":\"https:\/\/anarpam.mr\/en\/#\/schema\/person\/2f048f8579af97b3b4f16e68a1ebeaff\"},\"headline\":\"Septi\\u00e8me Conf\\u00e9rence Internationale sur les Mines et les Energies\",\"datePublished\":\"2025-09-08T22:10:35+00:00\",\"dateModified\":\"2025-09-08T22:40:36+00:00\",\"mainEntityOfPage\":{\"@id\":\"https:\/\/anarpam.mr\/en\/2025\/09\/08\/septieme-conference-internationale-sur-les-mines-et-les-energies\/#webpage\"},\"wordCount\":242,\"commentCount\":0,\"publisher\":{\"@id\":\"https:\/\/anarpam.mr\/en\/#organization\"},\"image\":{\"@id\":\"https:\/\/anarpam.mr\/en\/2025\/09\/08\/septieme-conference-internationale-sur-les-mines-et-les-energies\/#primaryimage\"},\"thumbnailUrl\":\"https:\/\/anarpam.mr\/wp-content\/uploads\/2025\/09\/WhatsApp-Image-2025-09-08-at-9.51.33-PM.jpeg\",\"inLanguage\":\"en-US\",\"potentialAction\":[{\"@type\":\"CommentAction\",\"name\":\"Comment\",\"target\":[\"https:\/\/anarpam.mr\/en\/2025\/09\/08\/septieme-conference-internationale-sur-les-mines-et-les-energies\/#respond\"]}]},{\"@type\":\"Person\",\"@id\":\"https:\/\/anarpam.mr\/en\/#\/schema\/person\/2f048f8579af97b3b4f16e68a1ebeaff\",\"name\":\"admin_anarpam\",\"image\":{\"@type\":\"ImageObject\",\"@id\":\"https:\/\/anarpam.mr\/en\/#personlogo\",\"inLanguage\":\"en-US\",\"url\":\"https:\/\/secure.gravatar.com\/avatar\/61d6e73a23e4e41b2c3690848434b70513b64c062b98d133af4955d798ad19ef?s=96&d=mm&r=g\",\"contentUrl\":\"https:\/\/secure.gravatar.com\/avatar\/61d6e73a23e4e41b2c3690848434b70513b64c062b98d133af4955d798ad19ef?s=96&d=mm&r=g\",\"caption\":\"admin_anarpam\"},\"sameAs\":[\"https:\/\/anarpam.mr\"],\"url\":\"https:\/\/anarpam.mr\/en\/author\/admin_anarpam\/\"}]}<\/script>\n<!-- \/ Yoast SEO plugin. -->","yoast_head_json":{"title":"Septi\u00e8me Conf\u00e9rence Internationale sur les Mines et les Energies - ANARPAM","robots":{"index":"index","follow":"follow","max-snippet":"max-snippet:-1","max-image-preview":"max-image-preview:large","max-video-preview":"max-video-preview:-1"},"canonical":"https:\/\/anarpam.mr\/en\/2025\/09\/08\/septieme-conference-internationale-sur-les-mines-et-les-energies\/","og_locale":"en_US","og_type":"article","og_title":"Septi\u00e8me Conf\u00e9rence Internationale sur les Mines et les Energies - ANARPAM","og_description":"L\u2019Agence Nationale des Recherches G\u00e9ologiques et du Patrimoine Minier (ANARPAM) a particip\u00e9 \u00e0 la 7eme Conf\u00e9rence Internationale sur les Mines et les Energies qui se d\u00e9roule du 08 au 10&hellip;","og_url":"https:\/\/anarpam.mr\/en\/2025\/09\/08\/septieme-conference-internationale-sur-les-mines-et-les-energies\/","og_site_name":"ANARPAM","article_published_time":"2025-09-08T22:10:35+00:00","article_modified_time":"2025-09-08T22:40:36+00:00","og_image":[{"width":1020,"height":765,"filesize":71094,"url":"https:\/\/anarpam.mr\/wp-content\/uploads\/2025\/09\/WhatsApp-Image-2025-09-08-at-9.51.33-PM.jpeg","path":"\/home\/sc3yomo8016\/anarpam.mr\/wp-content\/uploads\/2025\/09\/WhatsApp-Image-2025-09-08-at-9.51.33-PM.jpeg","size":"full","id":3014,"alt":"","pixels":780300,"type":"image\/jpeg"}],"twitter_card":"summary_large_image","twitter_misc":{"Written by":"admin_anarpam","Est. reading time":"1 minute"},"schema":{"@context":"https:\/\/schema.org","@graph":[{"@type":"Organization","@id":"https:\/\/anarpam.mr\/en\/#organization","name":"ANARPAM","url":"https:\/\/anarpam.mr\/en\/","sameAs":[],"logo":{"@type":"ImageObject","@id":"https:\/\/anarpam.mr\/en\/#logo","inLanguage":"en-US","url":"https:\/\/anarpam.mr\/wp-content\/uploads\/2026\/04\/favicon-master-512.png","contentUrl":"https:\/\/anarpam.mr\/wp-content\/uploads\/2026\/04\/favicon-master-512.png","width":512,"height":512,"caption":"ANARPAM"},"image":{"@id":"https:\/\/anarpam.mr\/en\/#logo"}},{"@type":"WebSite","@id":"https:\/\/anarpam.mr\/en\/#website","url":"https:\/\/anarpam.mr\/en\/","name":"ANARPAM","description":"","publisher":{"@id":"https:\/\/anarpam.mr\/en\/#organization"},"potentialAction":[{"@type":"SearchAction","target":{"@type":"EntryPoint","urlTemplate":"https:\/\/anarpam.mr\/en\/?s={search_term_string}"},"query-input":"required name=search_term_string"}],"inLanguage":"en-US"},{"@type":"ImageObject","@id":"https:\/\/anarpam.mr\/en\/2025\/09\/08\/septieme-conference-internationale-sur-les-mines-et-les-energies\/#primaryimage","inLanguage":"en-US","url":"https:\/\/anarpam.mr\/wp-content\/uploads\/2025\/09\/WhatsApp-Image-2025-09-08-at-9.51.33-PM.jpeg","contentUrl":"https:\/\/anarpam.mr\/wp-content\/uploads\/2025\/09\/WhatsApp-Image-2025-09-08-at-9.51.33-PM.jpeg","width":1020,"height":765},{"@type":"WebPage","@id":"https:\/\/anarpam.mr\/en\/2025\/09\/08\/septieme-conference-internationale-sur-les-mines-et-les-energies\/#webpage","url":"https:\/\/anarpam.mr\/en\/2025\/09\/08\/septieme-conference-internationale-sur-les-mines-et-les-energies\/","name":"Septi\u00e8me Conf\u00e9rence Internationale sur les Mines et les Energies - ANARPAM","isPartOf":{"@id":"https:\/\/anarpam.mr\/en\/#website"},"primaryImageOfPage":{"@id":"https:\/\/anarpam.mr\/en\/2025\/09\/08\/septieme-conference-internationale-sur-les-mines-et-les-energies\/#primaryimage"},"datePublished":"2025-09-08T22:10:35+00:00","dateModified":"2025-09-08T22:40:36+00:00","breadcrumb":{"@id":"https:\/\/anarpam.mr\/en\/2025\/09\/08\/septieme-conference-internationale-sur-les-mines-et-les-energies\/#breadcrumb"},"inLanguage":"en-US","potentialAction":[{"@type":"ReadAction","target":["https:\/\/anarpam.mr\/en\/2025\/09\/08\/septieme-conference-internationale-sur-les-mines-et-les-energies\/"]}]},{"@type":"BreadcrumbList","@id":"https:\/\/anarpam.mr\/en\/2025\/09\/08\/septieme-conference-internationale-sur-les-mines-et-les-energies\/#breadcrumb","itemListElement":[{"@type":"ListItem","position":1,"name":"Accueil","item":"https:\/\/anarpam.mr\/en\/"},{"@type":"ListItem","position":2,"name":"Septi\u00e8me Conf\u00e9rence Internationale sur les Mines et les Energies"}]},{"@type":"Article","@id":"https:\/\/anarpam.mr\/en\/2025\/09\/08\/septieme-conference-internationale-sur-les-mines-et-les-energies\/#article","isPartOf":{"@id":"https:\/\/anarpam.mr\/en\/2025\/09\/08\/septieme-conference-internationale-sur-les-mines-et-les-energies\/#webpage"},"author":{"@id":"https:\/\/anarpam.mr\/en\/#\/schema\/person\/2f048f8579af97b3b4f16e68a1ebeaff"},"headline":"Septi\u00e8me Conf\u00e9rence Internationale sur les Mines et les Energies","datePublished":"2025-09-08T22:10:35+00:00","dateModified":"2025-09-08T22:40:36+00:00","mainEntityOfPage":{"@id":"https:\/\/anarpam.mr\/en\/2025\/09\/08\/septieme-conference-internationale-sur-les-mines-et-les-energies\/#webpage"},"wordCount":242,"commentCount":0,"publisher":{"@id":"https:\/\/anarpam.mr\/en\/#organization"},"image":{"@id":"https:\/\/anarpam.mr\/en\/2025\/09\/08\/septieme-conference-internationale-sur-les-mines-et-les-energies\/#primaryimage"},"thumbnailUrl":"https:\/\/anarpam.mr\/wp-content\/uploads\/2025\/09\/WhatsApp-Image-2025-09-08-at-9.51.33-PM.jpeg","inLanguage":"en-US","potentialAction":[{"@type":"CommentAction","name":"Comment","target":["https:\/\/anarpam.mr\/en\/2025\/09\/08\/septieme-conference-internationale-sur-les-mines-et-les-energies\/#respond"]}]},{"@type":"Person","@id":"https:\/\/anarpam.mr\/en\/#\/schema\/person\/2f048f8579af97b3b4f16e68a1ebeaff","name":"admin_anarpam","image":{"@type":"ImageObject","@id":"https:\/\/anarpam.mr\/en\/#personlogo","inLanguage":"en-US","url":"https:\/\/secure.gravatar.com\/avatar\/61d6e73a23e4e41b2c3690848434b70513b64c062b98d133af4955d798ad19ef?s=96&d=mm&r=g","contentUrl":"https:\/\/secure.gravatar.com\/avatar\/61d6e73a23e4e41b2c3690848434b70513b64c062b98d133af4955d798ad19ef?s=96&d=mm&r=g","caption":"admin_anarpam"},"sameAs":["https:\/\/anarpam.mr"],"url":"https:\/\/anarpam.mr\/en\/author\/admin_anarpam\/"}]}},"_links":{"self":[{"href":"https:\/\/anarpam.mr\/en\/wp-json\/wp\/v2\/posts\/3013","targetHints":{"allow":["GET"]}}],"collection":[{"href":"https:\/\/anarpam.mr\/en\/wp-json\/wp\/v2\/posts"}],"about":[{"href":"https:\/\/anarpam.mr\/en\/wp-json\/wp\/v2\/types\/post"}],"author":[{"embeddable":true,"href":"https:\/\/anarpam.mr\/en\/wp-json\/wp\/v2\/users\/1"}],"replies":[{"embeddable":true,"href":"https:\/\/anarpam.mr\/en\/wp-json\/wp\/v2\/comments?post=3013"}],"version-history":[{"count":7,"href":"https:\/\/anarpam.mr\/en\/wp-json\/wp\/v2\/posts\/3013\/revisions"}],"predecessor-version":[{"id":3029,"href":"https:\/\/anarpam.mr\/en\/wp-json\/wp\/v2\/posts\/3013\/revisions\/3029"}],"wp:featuredmedia":[{"embeddable":true,"href":"https:\/\/anarpam.mr\/en\/wp-json\/wp\/v2\/media\/3014"}],"wp:attachment":[{"href":"https:\/\/anarpam.mr\/en\/wp-json\/wp\/v2\/media?parent=3013"}],"wp:term":[{"taxonomy":"category","embeddable":true,"href":"https:\/\/anarpam.mr\/en\/wp-json\/wp\/v2\/categories?post=3013"},{"taxonomy":"post_tag","embeddable":true,"href":"https:\/\/anarpam.mr\/en\/wp-json\/wp\/v2\/tags?post=3013"}],"curies":[{"name":"wp","href":"https:\/\/api.w.org\/{rel}","templated":true}]}}