{"id":2894,"date":"2025-06-26T22:29:19","date_gmt":"2025-06-26T22:29:19","guid":{"rendered":"https:\/\/anarpam.mr\/?p=2894"},"modified":"2025-06-26T22:32:43","modified_gmt":"2025-06-26T22:32:43","slug":"visite-de-travail-du-ministre-des-mines-et-de-lindustrie-a-lanarpam","status":"publish","type":"post","link":"https:\/\/anarpam.mr\/en\/2025\/06\/26\/visite-de-travail-du-ministre-des-mines-et-de-lindustrie-a-lanarpam\/","title":{"rendered":"Visite de travail du Ministre des Mines et de l\u2019Industrie \u00e0 l\u2019ANARPAM"},"content":{"rendered":"<div data-elementor-type=\"wp-post\" data-elementor-id=\"2894\" class=\"elementor elementor-2894\" data-elementor-post-type=\"post\">\n\t\t\t\t\t\t<div class=\"elementor-inner\">\n\t\t\t\t<div class=\"elementor-section-wrap\">\n\t\t\t\t\t\t\t\t\t<section class=\"penci-section penci-disSticky penci-structure-10 elementor-section elementor-top-section elementor-element elementor-element-49bd9fd3 elementor-section-boxed elementor-section-height-default elementor-section-height-default\" data-id=\"49bd9fd3\" data-element_type=\"section\">\n\t\t\t\t\t\t<div class=\"elementor-container elementor-column-gap-default\">\n\t\t\t\t\t\t\t<div class=\"elementor-row\">\n\t\t\t\t\t<div class=\"penci-ercol-100 penci-ercol-order-1 penci-sticky-ct    elementor-column elementor-col-100 elementor-top-column elementor-element elementor-element-4af9fbf5\" data-id=\"4af9fbf5\" data-element_type=\"column\">\n\t\t\t<div class=\"theiaStickySidebar elementor-column-wrap elementor-element-populated\">\n\t\t\t\t\t\t\t<div class=\"elementor-widget-wrap\">\n\t\t\t\t\t\t<div class=\"elementor-element elementor-element-6201735a elementor-widget elementor-widget-text-editor\" data-id=\"6201735a\" data-element_type=\"widget\" data-widget_type=\"text-editor.default\">\n\t\t\t\t<div class=\"elementor-widget-container\">\n\t\t\t<style>\/*! elementor - v3.17.0 - 01-11-2023 *\/\n.elementor-widget-text-editor.elementor-drop-cap-view-stacked .elementor-drop-cap{background-color:#69727d;color:#fff}.elementor-widget-text-editor.elementor-drop-cap-view-framed .elementor-drop-cap{color:#69727d;border:3px solid;background-color:transparent}.elementor-widget-text-editor:not(.elementor-drop-cap-view-default) .elementor-drop-cap{margin-top:8px}.elementor-widget-text-editor:not(.elementor-drop-cap-view-default) .elementor-drop-cap-letter{width:1em;height:1em}.elementor-widget-text-editor .elementor-drop-cap{float:left;text-align:center;line-height:1;font-size:50px}.elementor-widget-text-editor .elementor-drop-cap-letter{display:inline-block}<\/style>\t\t\t\t\t<div class=\"elementor-text-editor elementor-clearfix\">\n\t\t\t\t<p>Le Ministre des Mines et de l\u2019Industrie, Monsieur Thiam Tidjani, a effectu\u00e9 ce Jeudi 26 juin 2025 une visite de travail \u00e0 l\u2019Agence Nationale de Recherches G\u00e9ologiques et du Patrimoine Minier (ANARPAM), en compagnie de son homologue gambien, Ministre du P\u00e9trole, de l\u2019\u00c9nergie et des Mines.<\/p><p>La D\u00e9l\u00e9gation Minist\u00e9rielle a \u00e9t\u00e9 chaleureusement accueillie par le Directeur G\u00e9n\u00e9ral de l\u2019Agence, Monsieur El Hachemy Cheikh Sidaty, entour\u00e9 de ses principaux collaborateurs.<\/p><p>\u00c0 l\u2019occasion de cette visite, une pr\u00e9sentation technique a \u00e9t\u00e9 anim\u00e9e par le Directeur des g\u00e9oressources, mettant en lumi\u00e8re le potentiel minier de la Mauritanie, les projets strat\u00e9giques en cours ainsi que le r\u00f4le central que joue l\u2019ANARPAM dans la valorisation, la recherche et la promotion du secteur minier national.<\/p><p>La D\u00e9l\u00e9gation s\u2019est ensuite rendue au laboratoire central de l\u2019Agence, o\u00f9 elle a re\u00e7u des explications d\u00e9taill\u00e9es sur les activit\u00e9s en cours. Le Directeur du laboratoire a pr\u00e9sent\u00e9 les principales missions de cette unit\u00e9, qui constitue un pilier fondamental de la recherche et de l\u2019analyse g\u00e9ologique en Mauritanie.<\/p><p>\u00c0 la fin de la visite , la d\u00e9l\u00e9gation a exprim\u00e9 sa satisfaction au bon\u00a0 fonctionnement de l&rsquo;\u00e9tablissement, tout en souhaitant le succ\u00e8s \u00e0 l&rsquo;agence ainsi qu&rsquo;\u00e0 l&rsquo;ensemble de son personnel dans l\u2019ex\u00e9cution de leurs missions.<\/p>\t\t\t\t\t<\/div>\n\t\t\t\t\t\t<\/div>\n\t\t\t\t<\/div>\n\t\t\t\t\t\t<\/div>\n\t\t\t\t\t<\/div>\n\t\t<\/div>\n\t\t\t\t\t\t\t\t<\/div>\n\t\t\t\t\t<\/div>\n\t\t<\/section>\n\t\t\t\t<section class=\"penci-section penci-disSticky penci-structure-10 elementor-section elementor-top-section elementor-element elementor-element-b75d085 elementor-section-boxed elementor-section-height-default elementor-section-height-default\" data-id=\"b75d085\" data-element_type=\"section\">\n\t\t\t\t\t\t<div class=\"elementor-container elementor-column-gap-default\">\n\t\t\t\t\t\t\t<div class=\"elementor-row\">\n\t\t\t\t\t<div class=\"penci-ercol-100 penci-ercol-order-1 penci-sticky-ct    elementor-column elementor-col-100 elementor-top-column elementor-element elementor-element-1143c49\" data-id=\"1143c49\" data-element_type=\"column\">\n\t\t\t<div class=\"theiaStickySidebar elementor-column-wrap elementor-element-populated\">\n\t\t\t\t\t\t\t<div class=\"elementor-widget-wrap\">\n\t\t\t\t\t\t<div class=\"elementor-element elementor-element-7b88982 elementor-widget elementor-widget-gallery\" data-id=\"7b88982\" data-element_type=\"widget\" data-settings=\"{&quot;lazyload&quot;:&quot;yes&quot;,&quot;gallery_layout&quot;:&quot;grid&quot;,&quot;columns&quot;:4,&quot;columns_tablet&quot;:2,&quot;columns_mobile&quot;:1,&quot;gap&quot;:{&quot;unit&quot;:&quot;px&quot;,&quot;size&quot;:10,&quot;sizes&quot;:[]},&quot;gap_tablet&quot;:{&quot;unit&quot;:&quot;px&quot;,&quot;size&quot;:10,&quot;sizes&quot;:[]},&quot;gap_mobile&quot;:{&quot;unit&quot;:&quot;px&quot;,&quot;size&quot;:10,&quot;sizes&quot;:[]},&quot;link_to&quot;:&quot;file&quot;,&quot;aspect_ratio&quot;:&quot;3:2&quot;,&quot;overlay_background&quot;:&quot;yes&quot;,&quot;content_hover_animation&quot;:&quot;fade-in&quot;}\" data-widget_type=\"gallery.default\">\n\t\t\t\t<div class=\"elementor-widget-container\">\n\t\t\t<style>\/*! elementor-pro - v3.17.0 - 01-11-2023 *\/\n.elementor-gallery__container{min-height:1px}.elementor-gallery-item{position:relative;overflow:hidden;display:block;text-decoration:none;border:solid var(--image-border-width) var(--image-border-color);border-radius:var(--image-border-radius)}.elementor-gallery-item__content,.elementor-gallery-item__overlay{height:100%;width:100%;position:absolute;top:0;left:0}.elementor-gallery-item__overlay{mix-blend-mode:var(--overlay-mix-blend-mode);transition-duration:var(--overlay-transition-duration);transition-property:mix-blend-mode,transform,opacity,background-color}.elementor-gallery-item__image.e-gallery-image{transition-duration:var(--image-transition-duration);transition-property:filter,transform}.elementor-gallery-item__content{display:flex;flex-direction:column;justify-content:var(--content-justify-content,center);align-items:center;text-align:var(--content-text-align);padding:var(--content-padding)}.elementor-gallery-item__content>div{transition-duration:var(--content-transition-duration)}.elementor-gallery-item__content.elementor-gallery--sequenced-animation>div:nth-child(2){transition-delay:calc(var(--content-transition-delay) \/ 3)}.elementor-gallery-item__content.elementor-gallery--sequenced-animation>div:nth-child(3){transition-delay:calc(var(--content-transition-delay) \/ 3 * 2)}.elementor-gallery-item__content.elementor-gallery--sequenced-animation>div:nth-child(4){transition-delay:calc(var(--content-transition-delay) \/ 3 * 3)}.elementor-gallery-item__description{color:var(--description-text-color,#fff);width:100%}.elementor-gallery-item__title{color:var(--title-text-color,#fff);font-weight:700;width:100%}.elementor-gallery__titles-container{display:flex;flex-wrap:wrap;justify-content:var(--titles-container-justify-content,center);margin-bottom:20px}.elementor-gallery__titles-container:not(.e--pointer-framed) .elementor-item:after,.elementor-gallery__titles-container:not(.e--pointer-framed) .elementor-item:before{background-color:var(--galleries-pointer-bg-color-hover)}.elementor-gallery__titles-container:not(.e--pointer-framed) .elementor-item.elementor-item-active:after,.elementor-gallery__titles-container:not(.e--pointer-framed) .elementor-item.elementor-item-active:before{background-color:var(--galleries-pointer-bg-color-active)}.elementor-gallery__titles-container.e--pointer-framed .elementor-item:before{border-color:var(--galleries-pointer-bg-color-hover);border-width:var(--galleries-pointer-border-width)}.elementor-gallery__titles-container.e--pointer-framed .elementor-item:after{border-color:var(--galleries-pointer-bg-color-hover)}.elementor-gallery__titles-container.e--pointer-framed .elementor-item.elementor-item-active:after,.elementor-gallery__titles-container.e--pointer-framed .elementor-item.elementor-item-active:before{border-color:var(--galleries-pointer-bg-color-active)}.elementor-gallery__titles-container.e--pointer-framed.e--animation-draw .elementor-item:before{border-left-width:var(--galleries-pointer-border-width);border-bottom-width:var(--galleries-pointer-border-width);border-right-width:0;border-top-width:0}.elementor-gallery__titles-container.e--pointer-framed.e--animation-draw .elementor-item:after{border-left-width:0;border-bottom-width:0;border-right-width:var(--galleries-pointer-border-width);border-top-width:var(--galleries-pointer-border-width)}.elementor-gallery__titles-container.e--pointer-framed.e--animation-corners .elementor-item:before{border-left-width:var(--galleries-pointer-border-width);border-bottom-width:0;border-right-width:0;border-top-width:var(--galleries-pointer-border-width)}.elementor-gallery__titles-container.e--pointer-framed.e--animation-corners .elementor-item:after{border-left-width:0;border-bottom-width:var(--galleries-pointer-border-width);border-right-width:var(--galleries-pointer-border-width);border-top-width:0}.elementor-gallery__titles-container .e--pointer-double-line .elementor-item:after,.elementor-gallery__titles-container .e--pointer-double-line .elementor-item:before,.elementor-gallery__titles-container .e--pointer-overline .elementor-item:before,.elementor-gallery__titles-container .e--pointer-underline .elementor-item:after{height:var(--galleries-pointer-border-width)}.elementor-gallery-title{--space-between:10px;cursor:pointer;color:#6d7882;font-weight:500;position:relative;padding:7px 14px;transition:all .3s}.elementor-gallery-title--active{color:#495157}.elementor-gallery-title:not(:last-child){margin-right:var(--space-between)}.elementor-gallery-item__title+.elementor-gallery-item__description{margin-top:var(--description-margin-top)}.e-gallery-item.elementor-gallery-item{transition-property:all}.e-gallery-item.elementor-animated-content .elementor-animated-item--enter-from-bottom,.e-gallery-item.elementor-animated-content .elementor-animated-item--enter-from-left,.e-gallery-item.elementor-animated-content .elementor-animated-item--enter-from-right,.e-gallery-item.elementor-animated-content .elementor-animated-item--enter-from-top,.e-gallery-item:focus .elementor-gallery__item-overlay-bg,.e-gallery-item:focus .elementor-gallery__item-overlay-content,.e-gallery-item:focus .elementor-gallery__item-overlay-content__description,.e-gallery-item:focus .elementor-gallery__item-overlay-content__title,.e-gallery-item:hover .elementor-gallery__item-overlay-bg,.e-gallery-item:hover .elementor-gallery__item-overlay-content,.e-gallery-item:hover .elementor-gallery__item-overlay-content__description,.e-gallery-item:hover .elementor-gallery__item-overlay-content__title{opacity:1}a.elementor-item.elementor-gallery-title{color:var(--galleries-title-color-normal)}a.elementor-item.elementor-gallery-title.elementor-item-active,a.elementor-item.elementor-gallery-title.highlighted,a.elementor-item.elementor-gallery-title:focus,a.elementor-item.elementor-gallery-title:hover{color:var(--galleries-title-color-hover)}a.elementor-item.elementor-gallery-title.elementor-item-active{color:var(--gallery-title-color-active)}.e-con-inner>.elementor-widget-gallery,.e-con>.elementor-widget-gallery{width:var(--container-widget-width);--flex-grow:var(--container-widget-flex-grow)}<\/style>\t\t<div class=\"elementor-gallery__container\">\n\t\t\t\t\t\t\t<a class=\"e-gallery-item elementor-gallery-item elementor-animated-content\" href=\"https:\/\/anarpam.mr\/wp-content\/uploads\/2025\/06\/WhatsApp-Image-2025-06-26-at-9.15.10-PM-1.jpeg\" data-elementor-open-lightbox=\"yes\" data-elementor-lightbox-slideshow=\"7b88982\" data-elementor-lightbox-title=\"WhatsApp Image 2025-06-26 at 9.15.10 PM (1)\" data-e-action-hash=\"#elementor-action%3Aaction%3Dlightbox%26settings%3DeyJpZCI6Mjg5NywidXJsIjoiaHR0cHM6XC9cL2FuYXJwYW0ubXJcL3dwLWNvbnRlbnRcL3VwbG9hZHNcLzIwMjVcLzA2XC9XaGF0c0FwcC1JbWFnZS0yMDI1LTA2LTI2LWF0LTkuMTUuMTAtUE0tMS5qcGVnIiwic2xpZGVzaG93IjoiN2I4ODk4MiJ9\">\n\t\t\t\t\t<div class=\"e-gallery-image elementor-gallery-item__image\" data-thumbnail=\"https:\/\/anarpam.mr\/wp-content\/uploads\/2025\/06\/WhatsApp-Image-2025-06-26-at-9.15.10-PM-1-300x206.jpeg\" data-width=\"300\" data-height=\"206\" aria-label=\"\" role=\"img\" ><\/div>\n\t\t\t\t\t\t\t\t\t\t\t<div class=\"elementor-gallery-item__overlay\"><\/div>\n\t\t\t\t\t\t\t\t\t\t\t\t\t\t<\/a>\n\t\t\t\t\t\t\t<a class=\"e-gallery-item elementor-gallery-item elementor-animated-content\" href=\"https:\/\/anarpam.mr\/wp-content\/uploads\/2025\/06\/WhatsApp-Image-2025-06-26-at-9.17.12-PM.jpeg\" data-elementor-open-lightbox=\"yes\" data-elementor-lightbox-slideshow=\"7b88982\" data-elementor-lightbox-title=\"WhatsApp Image 2025-06-26 at 9.17.12 PM\" data-e-action-hash=\"#elementor-action%3Aaction%3Dlightbox%26settings%3DeyJpZCI6Mjg5OCwidXJsIjoiaHR0cHM6XC9cL2FuYXJwYW0ubXJcL3dwLWNvbnRlbnRcL3VwbG9hZHNcLzIwMjVcLzA2XC9XaGF0c0FwcC1JbWFnZS0yMDI1LTA2LTI2LWF0LTkuMTcuMTItUE0uanBlZyIsInNsaWRlc2hvdyI6IjdiODg5ODIifQ%3D%3D\">\n\t\t\t\t\t<div class=\"e-gallery-image elementor-gallery-item__image\" data-thumbnail=\"https:\/\/anarpam.mr\/wp-content\/uploads\/2025\/06\/WhatsApp-Image-2025-06-26-at-9.17.12-PM-300x300.jpeg\" data-width=\"300\" data-height=\"300\" aria-label=\"\" role=\"img\" ><\/div>\n\t\t\t\t\t\t\t\t\t\t\t<div class=\"elementor-gallery-item__overlay\"><\/div>\n\t\t\t\t\t\t\t\t\t\t\t\t\t\t<\/a>\n\t\t\t\t\t<\/div>\n\t\t\t<\/div>\n\t\t\t\t<\/div>\n\t\t\t\t\t\t<\/div>\n\t\t\t\t\t<\/div>\n\t\t<\/div>\n\t\t\t\t\t\t\t\t<\/div>\n\t\t\t\t\t<\/div>\n\t\t<\/section>\n\t\t\t\t\t\t\t\t\t<\/div>\n\t\t\t<\/div>\n\t\t\t\t\t<\/div>","protected":false},"excerpt":{"rendered":"<p>Le Ministre des Mines et de l\u2019Industrie, Monsieur Thiam Tidjani, a effectu\u00e9 ce Jeudi 26 juin 2025 une visite de travail \u00e0 l\u2019Agence Nationale de Recherches G\u00e9ologiques et du Patrimoine&hellip;<\/p>","protected":false},"author":1,"featured_media":2895,"comment_status":"open","ping_status":"open","sticky":false,"template":"","format":"standard","meta":{"_lmt_disableupdate":"","_lmt_disable":"","footnotes":""},"categories":[1],"tags":[],"class_list":["post-2894","post","type-post","status-publish","format-standard","has-post-thumbnail","hentry","category-uncategorized"],"yoast_head":"<!-- This site is optimized with the Yoast SEO plugin v16.9 - https:\/\/yoast.com\/wordpress\/plugins\/seo\/ -->\n<title>Visite de travail du Ministre des Mines et de l\u2019Industrie \u00e0 l\u2019ANARPAM - ANARPAM<\/title>\n<meta name=\"robots\" content=\"index, follow, max-snippet:-1, max-image-preview:large, max-video-preview:-1\" \/>\n<link rel=\"canonical\" href=\"https:\/\/anarpam.mr\/en\/2025\/06\/26\/visite-de-travail-du-ministre-des-mines-et-de-lindustrie-a-lanarpam\/\" \/>\n<meta property=\"og:locale\" content=\"en_US\" \/>\n<meta property=\"og:type\" content=\"article\" \/>\n<meta property=\"og:title\" content=\"Visite de travail du Ministre des Mines et de l\u2019Industrie \u00e0 l\u2019ANARPAM - ANARPAM\" \/>\n<meta property=\"og:description\" content=\"Le Ministre des Mines et de l\u2019Industrie, Monsieur Thiam Tidjani, a effectu\u00e9 ce Jeudi 26 juin 2025 une visite de travail \u00e0 l\u2019Agence Nationale de Recherches G\u00e9ologiques et du Patrimoine&hellip;\" \/>\n<meta property=\"og:url\" content=\"https:\/\/anarpam.mr\/en\/2025\/06\/26\/visite-de-travail-du-ministre-des-mines-et-de-lindustrie-a-lanarpam\/\" \/>\n<meta property=\"og:site_name\" content=\"ANARPAM\" \/>\n<meta property=\"article:published_time\" content=\"2025-06-26T22:29:19+00:00\" \/>\n<meta property=\"article:modified_time\" content=\"2025-06-26T22:32:43+00:00\" \/>\n<meta property=\"og:image\" content=\"https:\/\/anarpam.mr\/wp-content\/uploads\/2025\/06\/WhatsApp-Image-2025-06-26-at-9.15.10-PM-2.jpeg\" \/>\n\t<meta property=\"og:image:width\" content=\"1280\" \/>\n\t<meta property=\"og:image:height\" content=\"960\" \/>\n<meta name=\"twitter:card\" content=\"summary_large_image\" \/>\n<meta name=\"twitter:label1\" content=\"Written by\" \/>\n\t<meta name=\"twitter:data1\" content=\"admin_anarpam\" \/>\n\t<meta name=\"twitter:label2\" content=\"Est. reading time\" \/>\n\t<meta name=\"twitter:data2\" content=\"1 minute\" \/>\n<script type=\"application\/ld+json\" class=\"yoast-schema-graph\">{\"@context\":\"https:\/\/schema.org\",\"@graph\":[{\"@type\":\"Organization\",\"@id\":\"https:\/\/anarpam.mr\/en\/#organization\",\"name\":\"ANARPAM\",\"url\":\"https:\/\/anarpam.mr\/en\/\",\"sameAs\":[],\"logo\":{\"@type\":\"ImageObject\",\"@id\":\"https:\/\/anarpam.mr\/en\/#logo\",\"inLanguage\":\"en-US\",\"url\":\"https:\/\/anarpam.mr\/wp-content\/uploads\/2026\/04\/favicon-master-512.png\",\"contentUrl\":\"https:\/\/anarpam.mr\/wp-content\/uploads\/2026\/04\/favicon-master-512.png\",\"width\":512,\"height\":512,\"caption\":\"ANARPAM\"},\"image\":{\"@id\":\"https:\/\/anarpam.mr\/en\/#logo\"}},{\"@type\":\"WebSite\",\"@id\":\"https:\/\/anarpam.mr\/en\/#website\",\"url\":\"https:\/\/anarpam.mr\/en\/\",\"name\":\"ANARPAM\",\"description\":\"\",\"publisher\":{\"@id\":\"https:\/\/anarpam.mr\/en\/#organization\"},\"potentialAction\":[{\"@type\":\"SearchAction\",\"target\":{\"@type\":\"EntryPoint\",\"urlTemplate\":\"https:\/\/anarpam.mr\/en\/?s={search_term_string}\"},\"query-input\":\"required name=search_term_string\"}],\"inLanguage\":\"en-US\"},{\"@type\":\"ImageObject\",\"@id\":\"https:\/\/anarpam.mr\/en\/2025\/06\/26\/visite-de-travail-du-ministre-des-mines-et-de-lindustrie-a-lanarpam\/#primaryimage\",\"inLanguage\":\"en-US\",\"url\":\"https:\/\/anarpam.mr\/wp-content\/uploads\/2025\/06\/WhatsApp-Image-2025-06-26-at-9.15.10-PM-2.jpeg\",\"contentUrl\":\"https:\/\/anarpam.mr\/wp-content\/uploads\/2025\/06\/WhatsApp-Image-2025-06-26-at-9.15.10-PM-2.jpeg\",\"width\":1280,\"height\":960},{\"@type\":\"WebPage\",\"@id\":\"https:\/\/anarpam.mr\/en\/2025\/06\/26\/visite-de-travail-du-ministre-des-mines-et-de-lindustrie-a-lanarpam\/#webpage\",\"url\":\"https:\/\/anarpam.mr\/en\/2025\/06\/26\/visite-de-travail-du-ministre-des-mines-et-de-lindustrie-a-lanarpam\/\",\"name\":\"Visite de travail du Ministre des Mines et de l\\u2019Industrie \\u00e0 l\\u2019ANARPAM - ANARPAM\",\"isPartOf\":{\"@id\":\"https:\/\/anarpam.mr\/en\/#website\"},\"primaryImageOfPage\":{\"@id\":\"https:\/\/anarpam.mr\/en\/2025\/06\/26\/visite-de-travail-du-ministre-des-mines-et-de-lindustrie-a-lanarpam\/#primaryimage\"},\"datePublished\":\"2025-06-26T22:29:19+00:00\",\"dateModified\":\"2025-06-26T22:32:43+00:00\",\"breadcrumb\":{\"@id\":\"https:\/\/anarpam.mr\/en\/2025\/06\/26\/visite-de-travail-du-ministre-des-mines-et-de-lindustrie-a-lanarpam\/#breadcrumb\"},\"inLanguage\":\"en-US\",\"potentialAction\":[{\"@type\":\"ReadAction\",\"target\":[\"https:\/\/anarpam.mr\/en\/2025\/06\/26\/visite-de-travail-du-ministre-des-mines-et-de-lindustrie-a-lanarpam\/\"]}]},{\"@type\":\"BreadcrumbList\",\"@id\":\"https:\/\/anarpam.mr\/en\/2025\/06\/26\/visite-de-travail-du-ministre-des-mines-et-de-lindustrie-a-lanarpam\/#breadcrumb\",\"itemListElement\":[{\"@type\":\"ListItem\",\"position\":1,\"name\":\"Accueil\",\"item\":\"https:\/\/anarpam.mr\/en\/\"},{\"@type\":\"ListItem\",\"position\":2,\"name\":\"Visite de travail du Ministre des Mines et de l\\u2019Industrie \\u00e0 l\\u2019ANARPAM\"}]},{\"@type\":\"Article\",\"@id\":\"https:\/\/anarpam.mr\/en\/2025\/06\/26\/visite-de-travail-du-ministre-des-mines-et-de-lindustrie-a-lanarpam\/#article\",\"isPartOf\":{\"@id\":\"https:\/\/anarpam.mr\/en\/2025\/06\/26\/visite-de-travail-du-ministre-des-mines-et-de-lindustrie-a-lanarpam\/#webpage\"},\"author\":{\"@id\":\"https:\/\/anarpam.mr\/en\/#\/schema\/person\/2f048f8579af97b3b4f16e68a1ebeaff\"},\"headline\":\"Visite de travail du Ministre des Mines et de l\\u2019Industrie \\u00e0 l\\u2019ANARPAM\",\"datePublished\":\"2025-06-26T22:29:19+00:00\",\"dateModified\":\"2025-06-26T22:32:43+00:00\",\"mainEntityOfPage\":{\"@id\":\"https:\/\/anarpam.mr\/en\/2025\/06\/26\/visite-de-travail-du-ministre-des-mines-et-de-lindustrie-a-lanarpam\/#webpage\"},\"wordCount\":245,\"commentCount\":0,\"publisher\":{\"@id\":\"https:\/\/anarpam.mr\/en\/#organization\"},\"image\":{\"@id\":\"https:\/\/anarpam.mr\/en\/2025\/06\/26\/visite-de-travail-du-ministre-des-mines-et-de-lindustrie-a-lanarpam\/#primaryimage\"},\"thumbnailUrl\":\"https:\/\/anarpam.mr\/wp-content\/uploads\/2025\/06\/WhatsApp-Image-2025-06-26-at-9.15.10-PM-2.jpeg\",\"inLanguage\":\"en-US\",\"potentialAction\":[{\"@type\":\"CommentAction\",\"name\":\"Comment\",\"target\":[\"https:\/\/anarpam.mr\/en\/2025\/06\/26\/visite-de-travail-du-ministre-des-mines-et-de-lindustrie-a-lanarpam\/#respond\"]}]},{\"@type\":\"Person\",\"@id\":\"https:\/\/anarpam.mr\/en\/#\/schema\/person\/2f048f8579af97b3b4f16e68a1ebeaff\",\"name\":\"admin_anarpam\",\"image\":{\"@type\":\"ImageObject\",\"@id\":\"https:\/\/anarpam.mr\/en\/#personlogo\",\"inLanguage\":\"en-US\",\"url\":\"https:\/\/secure.gravatar.com\/avatar\/61d6e73a23e4e41b2c3690848434b70513b64c062b98d133af4955d798ad19ef?s=96&d=mm&r=g\",\"contentUrl\":\"https:\/\/secure.gravatar.com\/avatar\/61d6e73a23e4e41b2c3690848434b70513b64c062b98d133af4955d798ad19ef?s=96&d=mm&r=g\",\"caption\":\"admin_anarpam\"},\"sameAs\":[\"https:\/\/anarpam.mr\"],\"url\":\"https:\/\/anarpam.mr\/en\/author\/admin_anarpam\/\"}]}<\/script>\n<!-- \/ Yoast SEO plugin. -->","yoast_head_json":{"title":"Visite de travail du Ministre des Mines et de l\u2019Industrie \u00e0 l\u2019ANARPAM - ANARPAM","robots":{"index":"index","follow":"follow","max-snippet":"max-snippet:-1","max-image-preview":"max-image-preview:large","max-video-preview":"max-video-preview:-1"},"canonical":"https:\/\/anarpam.mr\/en\/2025\/06\/26\/visite-de-travail-du-ministre-des-mines-et-de-lindustrie-a-lanarpam\/","og_locale":"en_US","og_type":"article","og_title":"Visite de travail du Ministre des Mines et de l\u2019Industrie \u00e0 l\u2019ANARPAM - ANARPAM","og_description":"Le Ministre des Mines et de l\u2019Industrie, Monsieur Thiam Tidjani, a effectu\u00e9 ce Jeudi 26 juin 2025 une visite de travail \u00e0 l\u2019Agence Nationale de Recherches G\u00e9ologiques et du Patrimoine&hellip;","og_url":"https:\/\/anarpam.mr\/en\/2025\/06\/26\/visite-de-travail-du-ministre-des-mines-et-de-lindustrie-a-lanarpam\/","og_site_name":"ANARPAM","article_published_time":"2025-06-26T22:29:19+00:00","article_modified_time":"2025-06-26T22:32:43+00:00","og_image":[{"width":1280,"height":960,"filesize":199166,"url":"https:\/\/anarpam.mr\/wp-content\/uploads\/2025\/06\/WhatsApp-Image-2025-06-26-at-9.15.10-PM-2.jpeg","path":"\/home\/sc3yomo8016\/anarpam.mr\/wp-content\/uploads\/2025\/06\/WhatsApp-Image-2025-06-26-at-9.15.10-PM-2.jpeg","size":"full","id":2895,"alt":"","pixels":1228800,"type":"image\/jpeg"}],"twitter_card":"summary_large_image","twitter_misc":{"Written by":"admin_anarpam","Est. reading time":"1 minute"},"schema":{"@context":"https:\/\/schema.org","@graph":[{"@type":"Organization","@id":"https:\/\/anarpam.mr\/en\/#organization","name":"ANARPAM","url":"https:\/\/anarpam.mr\/en\/","sameAs":[],"logo":{"@type":"ImageObject","@id":"https:\/\/anarpam.mr\/en\/#logo","inLanguage":"en-US","url":"https:\/\/anarpam.mr\/wp-content\/uploads\/2026\/04\/favicon-master-512.png","contentUrl":"https:\/\/anarpam.mr\/wp-content\/uploads\/2026\/04\/favicon-master-512.png","width":512,"height":512,"caption":"ANARPAM"},"image":{"@id":"https:\/\/anarpam.mr\/en\/#logo"}},{"@type":"WebSite","@id":"https:\/\/anarpam.mr\/en\/#website","url":"https:\/\/anarpam.mr\/en\/","name":"ANARPAM","description":"","publisher":{"@id":"https:\/\/anarpam.mr\/en\/#organization"},"potentialAction":[{"@type":"SearchAction","target":{"@type":"EntryPoint","urlTemplate":"https:\/\/anarpam.mr\/en\/?s={search_term_string}"},"query-input":"required name=search_term_string"}],"inLanguage":"en-US"},{"@type":"ImageObject","@id":"https:\/\/anarpam.mr\/en\/2025\/06\/26\/visite-de-travail-du-ministre-des-mines-et-de-lindustrie-a-lanarpam\/#primaryimage","inLanguage":"en-US","url":"https:\/\/anarpam.mr\/wp-content\/uploads\/2025\/06\/WhatsApp-Image-2025-06-26-at-9.15.10-PM-2.jpeg","contentUrl":"https:\/\/anarpam.mr\/wp-content\/uploads\/2025\/06\/WhatsApp-Image-2025-06-26-at-9.15.10-PM-2.jpeg","width":1280,"height":960},{"@type":"WebPage","@id":"https:\/\/anarpam.mr\/en\/2025\/06\/26\/visite-de-travail-du-ministre-des-mines-et-de-lindustrie-a-lanarpam\/#webpage","url":"https:\/\/anarpam.mr\/en\/2025\/06\/26\/visite-de-travail-du-ministre-des-mines-et-de-lindustrie-a-lanarpam\/","name":"Visite de travail du Ministre des Mines et de l\u2019Industrie \u00e0 l\u2019ANARPAM - ANARPAM","isPartOf":{"@id":"https:\/\/anarpam.mr\/en\/#website"},"primaryImageOfPage":{"@id":"https:\/\/anarpam.mr\/en\/2025\/06\/26\/visite-de-travail-du-ministre-des-mines-et-de-lindustrie-a-lanarpam\/#primaryimage"},"datePublished":"2025-06-26T22:29:19+00:00","dateModified":"2025-06-26T22:32:43+00:00","breadcrumb":{"@id":"https:\/\/anarpam.mr\/en\/2025\/06\/26\/visite-de-travail-du-ministre-des-mines-et-de-lindustrie-a-lanarpam\/#breadcrumb"},"inLanguage":"en-US","potentialAction":[{"@type":"ReadAction","target":["https:\/\/anarpam.mr\/en\/2025\/06\/26\/visite-de-travail-du-ministre-des-mines-et-de-lindustrie-a-lanarpam\/"]}]},{"@type":"BreadcrumbList","@id":"https:\/\/anarpam.mr\/en\/2025\/06\/26\/visite-de-travail-du-ministre-des-mines-et-de-lindustrie-a-lanarpam\/#breadcrumb","itemListElement":[{"@type":"ListItem","position":1,"name":"Accueil","item":"https:\/\/anarpam.mr\/en\/"},{"@type":"ListItem","position":2,"name":"Visite de travail du Ministre des Mines et de l\u2019Industrie \u00e0 l\u2019ANARPAM"}]},{"@type":"Article","@id":"https:\/\/anarpam.mr\/en\/2025\/06\/26\/visite-de-travail-du-ministre-des-mines-et-de-lindustrie-a-lanarpam\/#article","isPartOf":{"@id":"https:\/\/anarpam.mr\/en\/2025\/06\/26\/visite-de-travail-du-ministre-des-mines-et-de-lindustrie-a-lanarpam\/#webpage"},"author":{"@id":"https:\/\/anarpam.mr\/en\/#\/schema\/person\/2f048f8579af97b3b4f16e68a1ebeaff"},"headline":"Visite de travail du Ministre des Mines et de l\u2019Industrie \u00e0 l\u2019ANARPAM","datePublished":"2025-06-26T22:29:19+00:00","dateModified":"2025-06-26T22:32:43+00:00","mainEntityOfPage":{"@id":"https:\/\/anarpam.mr\/en\/2025\/06\/26\/visite-de-travail-du-ministre-des-mines-et-de-lindustrie-a-lanarpam\/#webpage"},"wordCount":245,"commentCount":0,"publisher":{"@id":"https:\/\/anarpam.mr\/en\/#organization"},"image":{"@id":"https:\/\/anarpam.mr\/en\/2025\/06\/26\/visite-de-travail-du-ministre-des-mines-et-de-lindustrie-a-lanarpam\/#primaryimage"},"thumbnailUrl":"https:\/\/anarpam.mr\/wp-content\/uploads\/2025\/06\/WhatsApp-Image-2025-06-26-at-9.15.10-PM-2.jpeg","inLanguage":"en-US","potentialAction":[{"@type":"CommentAction","name":"Comment","target":["https:\/\/anarpam.mr\/en\/2025\/06\/26\/visite-de-travail-du-ministre-des-mines-et-de-lindustrie-a-lanarpam\/#respond"]}]},{"@type":"Person","@id":"https:\/\/anarpam.mr\/en\/#\/schema\/person\/2f048f8579af97b3b4f16e68a1ebeaff","name":"admin_anarpam","image":{"@type":"ImageObject","@id":"https:\/\/anarpam.mr\/en\/#personlogo","inLanguage":"en-US","url":"https:\/\/secure.gravatar.com\/avatar\/61d6e73a23e4e41b2c3690848434b70513b64c062b98d133af4955d798ad19ef?s=96&d=mm&r=g","contentUrl":"https:\/\/secure.gravatar.com\/avatar\/61d6e73a23e4e41b2c3690848434b70513b64c062b98d133af4955d798ad19ef?s=96&d=mm&r=g","caption":"admin_anarpam"},"sameAs":["https:\/\/anarpam.mr"],"url":"https:\/\/anarpam.mr\/en\/author\/admin_anarpam\/"}]}},"_links":{"self":[{"href":"https:\/\/anarpam.mr\/en\/wp-json\/wp\/v2\/posts\/2894","targetHints":{"allow":["GET"]}}],"collection":[{"href":"https:\/\/anarpam.mr\/en\/wp-json\/wp\/v2\/posts"}],"about":[{"href":"https:\/\/anarpam.mr\/en\/wp-json\/wp\/v2\/types\/post"}],"author":[{"embeddable":true,"href":"https:\/\/anarpam.mr\/en\/wp-json\/wp\/v2\/users\/1"}],"replies":[{"embeddable":true,"href":"https:\/\/anarpam.mr\/en\/wp-json\/wp\/v2\/comments?post=2894"}],"version-history":[{"count":4,"href":"https:\/\/anarpam.mr\/en\/wp-json\/wp\/v2\/posts\/2894\/revisions"}],"predecessor-version":[{"id":2901,"href":"https:\/\/anarpam.mr\/en\/wp-json\/wp\/v2\/posts\/2894\/revisions\/2901"}],"wp:featuredmedia":[{"embeddable":true,"href":"https:\/\/anarpam.mr\/en\/wp-json\/wp\/v2\/media\/2895"}],"wp:attachment":[{"href":"https:\/\/anarpam.mr\/en\/wp-json\/wp\/v2\/media?parent=2894"}],"wp:term":[{"taxonomy":"category","embeddable":true,"href":"https:\/\/anarpam.mr\/en\/wp-json\/wp\/v2\/categories?post=2894"},{"taxonomy":"post_tag","embeddable":true,"href":"https:\/\/anarpam.mr\/en\/wp-json\/wp\/v2\/tags?post=2894"}],"curies":[{"name":"wp","href":"https:\/\/api.w.org\/{rel}","templated":true}]}}