{"id":2799,"date":"2025-03-06T14:50:55","date_gmt":"2025-03-06T14:50:55","guid":{"rendered":"https:\/\/anarpam.mr\/?p=2799"},"modified":"2025-03-06T14:52:53","modified_gmt":"2025-03-06T14:52:53","slug":"le-directeur-general-el-hachemy-cheikh-sidaty-decore-chevalier-de-lordre-du-merite-national","status":"publish","type":"post","link":"https:\/\/anarpam.mr\/en\/2025\/03\/06\/le-directeur-general-el-hachemy-cheikh-sidaty-decore-chevalier-de-lordre-du-merite-national\/","title":{"rendered":"Le Directeur G\u00e9n\u00e9ral, El Hachemy Cheikh Sidaty d\u00e9cor\u00e9 chevalier de l\u2019Ordre du M\u00e9rite national"},"content":{"rendered":"<div data-elementor-type=\"wp-post\" data-elementor-id=\"2799\" class=\"elementor elementor-2799\" data-elementor-post-type=\"post\">\n\t\t\t\t\t\t<div class=\"elementor-inner\">\n\t\t\t\t<div class=\"elementor-section-wrap\">\n\t\t\t\t\t\t\t\t\t<section class=\"penci-section penci-disSticky penci-structure-10 elementor-section elementor-top-section elementor-element elementor-element-49bd9fd3 elementor-section-boxed elementor-section-height-default elementor-section-height-default\" data-id=\"49bd9fd3\" data-element_type=\"section\">\n\t\t\t\t\t\t<div class=\"elementor-container elementor-column-gap-default\">\n\t\t\t\t\t\t\t<div class=\"elementor-row\">\n\t\t\t\t\t<div class=\"penci-ercol-100 penci-ercol-order-1 penci-sticky-ct    elementor-column elementor-col-100 elementor-top-column elementor-element elementor-element-4af9fbf5\" data-id=\"4af9fbf5\" data-element_type=\"column\">\n\t\t\t<div class=\"theiaStickySidebar elementor-column-wrap elementor-element-populated\">\n\t\t\t\t\t\t\t<div class=\"elementor-widget-wrap\">\n\t\t\t\t\t\t<div class=\"elementor-element elementor-element-6201735a elementor-widget elementor-widget-text-editor\" data-id=\"6201735a\" data-element_type=\"widget\" data-widget_type=\"text-editor.default\">\n\t\t\t\t<div class=\"elementor-widget-container\">\n\t\t\t<style>\/*! elementor - v3.17.0 - 01-11-2023 *\/\n.elementor-widget-text-editor.elementor-drop-cap-view-stacked .elementor-drop-cap{background-color:#69727d;color:#fff}.elementor-widget-text-editor.elementor-drop-cap-view-framed .elementor-drop-cap{color:#69727d;border:3px solid;background-color:transparent}.elementor-widget-text-editor:not(.elementor-drop-cap-view-default) .elementor-drop-cap{margin-top:8px}.elementor-widget-text-editor:not(.elementor-drop-cap-view-default) .elementor-drop-cap-letter{width:1em;height:1em}.elementor-widget-text-editor .elementor-drop-cap{float:left;text-align:center;line-height:1;font-size:50px}.elementor-widget-text-editor .elementor-drop-cap-letter{display:inline-block}<\/style>\t\t\t\t\t<div class=\"elementor-text-editor elementor-clearfix\">\n\t\t\t\t<p>Au nom de S.E. le Pr\u00e9sident de la R\u00e9publique, M. Mohamed Ould Cheikh El Ghazouani, le Directeur G\u00e9n\u00e9ral, El Hachemy Cheikh Sidaty, vient d\u2019\u00eatre d\u00e9cor\u00e9 chevalier de l\u2019Ordre du M\u00e9rite national par le Ministre des Mines et de l\u2019Industrie en reconnaissance de ses contributions exceptionnelles au secteur g\u00e9ologique et minier en Mauritanie.<\/p><p>Ing\u00e9nieur g\u00e9ologue dipl\u00f4m\u00e9 des \u00e9coles br\u00e9siliennes, il cumule plus de 30 ans d\u2019exp\u00e9rience dans la recherche g\u00e9ologique et le d\u00e9veloppement de projets miniers.<\/p><p>Recrut\u00e9 en 1992 par l\u2019Office Mauritanien de Recherches G\u00e9ologiques (OMRG), il a jou\u00e9 un r\u00f4le cl\u00e9 dans plusieurs projets d\u2019exploration, notamment dans le Sud Mauritanien et la zone de Tasiast, o\u00f9 ses travaux ont contribu\u00e9 au d\u00e9veloppement de l\u2019actuelle mine d\u2019or. Il a \u00e9galement particip\u00e9 aux recherches sur le cuivre et l\u2019or dans la r\u00e9gion de l\u2019Inchiri.<\/p><p>Entre 1999 et 2000, il a \u00e9t\u00e9 d\u00e9tach\u00e9 aupr\u00e8s de la soci\u00e9t\u00e9 Ashton West Africa, affili\u00e9e \u00e0 Rio Tinto, pour superviser des recherches g\u00e9ologiques dans le bassin de Taoudeni. De 2001 \u00e0 2004, en tant que chef de projet \u00e0 Sfariat, il a conduit des travaux d\u2019inventaire minier et identifi\u00e9 plusieurs indices et prospects g\u00e9ologiques prometteurs.<\/p><p>En 2006, il rejoint la soci\u00e9t\u00e9 Red Back pour contribuer au d\u00e9veloppement de la mine de Tasiast. Puis, entre 2009 et 2011, en tant que Directeur G\u00e9n\u00e9ral adjoint de l\u2019OMRG, il supervise plusieurs projets de recherche g\u00e9ologique \u00e0 travers la Mauritanie.<\/p><p>Nomm\u00e9 Directeur G\u00e9n\u00e9ral de l\u2019OMRG en 2011, il met en place et pilote des programmes de recherche g\u00e9ologique et assure le d\u00e9veloppement de cinq zones promotionnelles strat\u00e9giques : Zadnas, Agane, Seilibaby, Aioun et Diade. Sous sa direction, l\u2019OMRG collabore activement avec des op\u00e9rateurs miniers internationaux pour mener \u00e0 bien des projets d\u2019envergure.<\/p><p>Depuis 2020, il occupe le poste de Directeur G\u00e9n\u00e9ral de l&rsquo;Agence Nationale de Recherches G\u00e9ologiques et du Patrimoine Minier (ANARPAM). Sous sa direction, l&rsquo;Agence a \u00e9labor\u00e9 une strat\u00e9gie de d\u00e9veloppement qui a port\u00e9 ses fruits de mani\u00e8re significative. Parmi les r\u00e9sultats les plus notables, on compte le recrutement transparent de comp\u00e9tences nationales hautement qualifi\u00e9es, ainsi que le renforcement des \u00e9quipements de recherche g\u00e9ologique, comprenant des sondeuses de forage, un parc automobile adapt\u00e9, et des instruments de g\u00e9ophysique et de cartographie g\u00e9ologique. De plus, la modernisation du laboratoire a \u00e9t\u00e9 r\u00e9alis\u00e9e gr\u00e2ce \u00e0 l&rsquo;acquisition de mat\u00e9riel de haute performance.<\/p><p>Il a \u00e9galement men\u00e9 des n\u00e9gociations avec des partenaires nationaux et internationaux, visant \u00e0 promouvoir le patrimoine minier de la Mauritanie. Gr\u00e2ce \u00e0 son leadership, l&rsquo;ANARPAM a non seulement am\u00e9lior\u00e9 ses capacit\u00e9s de recherche, mais a \u00e9galement renforc\u00e9 la r\u00e9putation et l&rsquo;attractivit\u00e9 du secteur minier mauritanien.<\/p>\t\t\t\t\t<\/div>\n\t\t\t\t\t\t<\/div>\n\t\t\t\t<\/div>\n\t\t\t\t\t\t<\/div>\n\t\t\t\t\t<\/div>\n\t\t<\/div>\n\t\t\t\t\t\t\t\t<\/div>\n\t\t\t\t\t<\/div>\n\t\t<\/section>\n\t\t\t\t<section class=\"penci-section penci-disSticky penci-structure-10 elementor-section elementor-top-section elementor-element elementor-element-b75d085 elementor-section-boxed elementor-section-height-default elementor-section-height-default\" data-id=\"b75d085\" data-element_type=\"section\">\n\t\t\t\t\t\t<div class=\"elementor-container elementor-column-gap-default\">\n\t\t\t\t\t\t\t<div class=\"elementor-row\">\n\t\t\t\t\t<div class=\"penci-ercol-100 penci-ercol-order-1 penci-sticky-ct    elementor-column elementor-col-100 elementor-top-column elementor-element elementor-element-1143c49\" data-id=\"1143c49\" data-element_type=\"column\">\n\t\t\t<div class=\"theiaStickySidebar elementor-column-wrap elementor-element-populated\">\n\t\t\t\t\t\t\t<div class=\"elementor-widget-wrap\">\n\t\t\t\t\t\t\t\t<\/div>\n\t\t\t\t\t<\/div>\n\t\t<\/div>\n\t\t\t\t\t\t\t\t<\/div>\n\t\t\t\t\t<\/div>\n\t\t<\/section>\n\t\t\t\t\t\t\t\t\t<\/div>\n\t\t\t<\/div>\n\t\t\t\t\t<\/div>","protected":false},"excerpt":{"rendered":"<p>Au nom de S.E. le Pr\u00e9sident de la R\u00e9publique, M. Mohamed Ould Cheikh El Ghazouani, le Directeur G\u00e9n\u00e9ral, El Hachemy Cheikh Sidaty, vient d\u2019\u00eatre d\u00e9cor\u00e9 chevalier de l\u2019Ordre du M\u00e9rite&hellip;<\/p>","protected":false},"author":1,"featured_media":2800,"comment_status":"open","ping_status":"open","sticky":false,"template":"","format":"standard","meta":{"_lmt_disableupdate":"","_lmt_disable":"","footnotes":""},"categories":[1],"tags":[],"class_list":["post-2799","post","type-post","status-publish","format-standard","has-post-thumbnail","hentry","category-uncategorized"],"yoast_head":"<!-- This site is optimized with the Yoast SEO plugin v16.9 - https:\/\/yoast.com\/wordpress\/plugins\/seo\/ -->\n<title>Le Directeur G\u00e9n\u00e9ral, El Hachemy Cheikh Sidaty d\u00e9cor\u00e9 chevalier de l\u2019Ordre du M\u00e9rite national - ANARPAM<\/title>\n<meta name=\"robots\" content=\"index, follow, max-snippet:-1, max-image-preview:large, max-video-preview:-1\" \/>\n<link rel=\"canonical\" href=\"https:\/\/anarpam.mr\/en\/2025\/03\/06\/le-directeur-general-el-hachemy-cheikh-sidaty-decore-chevalier-de-lordre-du-merite-national\/\" \/>\n<meta property=\"og:locale\" content=\"en_US\" \/>\n<meta property=\"og:type\" content=\"article\" \/>\n<meta property=\"og:title\" content=\"Le Directeur G\u00e9n\u00e9ral, El Hachemy Cheikh Sidaty d\u00e9cor\u00e9 chevalier de l\u2019Ordre du M\u00e9rite national - ANARPAM\" \/>\n<meta property=\"og:description\" content=\"Au nom de S.E. le Pr\u00e9sident de la R\u00e9publique, M. Mohamed Ould Cheikh El Ghazouani, le Directeur G\u00e9n\u00e9ral, El Hachemy Cheikh Sidaty, vient d\u2019\u00eatre d\u00e9cor\u00e9 chevalier de l\u2019Ordre du M\u00e9rite&hellip;\" \/>\n<meta property=\"og:url\" content=\"https:\/\/anarpam.mr\/en\/2025\/03\/06\/le-directeur-general-el-hachemy-cheikh-sidaty-decore-chevalier-de-lordre-du-merite-national\/\" \/>\n<meta property=\"og:site_name\" content=\"ANARPAM\" \/>\n<meta property=\"article:published_time\" content=\"2025-03-06T14:50:55+00:00\" \/>\n<meta property=\"article:modified_time\" content=\"2025-03-06T14:52:53+00:00\" \/>\n<meta property=\"og:image\" content=\"https:\/\/anarpam.mr\/wp-content\/uploads\/2025\/03\/WhatsApp-Image-2025-03-06-at-1.01.45-PM.jpeg\" \/>\n\t<meta property=\"og:image:width\" content=\"1600\" \/>\n\t<meta property=\"og:image:height\" content=\"1147\" \/>\n<meta name=\"twitter:card\" content=\"summary_large_image\" \/>\n<meta name=\"twitter:label1\" content=\"Written by\" \/>\n\t<meta name=\"twitter:data1\" content=\"admin_anarpam\" \/>\n\t<meta name=\"twitter:label2\" content=\"Est. reading time\" \/>\n\t<meta name=\"twitter:data2\" content=\"1 minute\" \/>\n<script type=\"application\/ld+json\" class=\"yoast-schema-graph\">{\"@context\":\"https:\/\/schema.org\",\"@graph\":[{\"@type\":\"Organization\",\"@id\":\"https:\/\/anarpam.mr\/en\/#organization\",\"name\":\"ANARPAM\",\"url\":\"https:\/\/anarpam.mr\/en\/\",\"sameAs\":[],\"logo\":{\"@type\":\"ImageObject\",\"@id\":\"https:\/\/anarpam.mr\/en\/#logo\",\"inLanguage\":\"en-US\",\"url\":\"https:\/\/anarpam.mr\/wp-content\/uploads\/2026\/04\/favicon-master-512.png\",\"contentUrl\":\"https:\/\/anarpam.mr\/wp-content\/uploads\/2026\/04\/favicon-master-512.png\",\"width\":512,\"height\":512,\"caption\":\"ANARPAM\"},\"image\":{\"@id\":\"https:\/\/anarpam.mr\/en\/#logo\"}},{\"@type\":\"WebSite\",\"@id\":\"https:\/\/anarpam.mr\/en\/#website\",\"url\":\"https:\/\/anarpam.mr\/en\/\",\"name\":\"ANARPAM\",\"description\":\"\",\"publisher\":{\"@id\":\"https:\/\/anarpam.mr\/en\/#organization\"},\"potentialAction\":[{\"@type\":\"SearchAction\",\"target\":{\"@type\":\"EntryPoint\",\"urlTemplate\":\"https:\/\/anarpam.mr\/en\/?s={search_term_string}\"},\"query-input\":\"required name=search_term_string\"}],\"inLanguage\":\"en-US\"},{\"@type\":\"ImageObject\",\"@id\":\"https:\/\/anarpam.mr\/en\/2025\/03\/06\/le-directeur-general-el-hachemy-cheikh-sidaty-decore-chevalier-de-lordre-du-merite-national\/#primaryimage\",\"inLanguage\":\"en-US\",\"url\":\"https:\/\/anarpam.mr\/wp-content\/uploads\/2025\/03\/WhatsApp-Image-2025-03-06-at-1.01.45-PM.jpeg\",\"contentUrl\":\"https:\/\/anarpam.mr\/wp-content\/uploads\/2025\/03\/WhatsApp-Image-2025-03-06-at-1.01.45-PM.jpeg\",\"width\":1600,\"height\":1147},{\"@type\":\"WebPage\",\"@id\":\"https:\/\/anarpam.mr\/en\/2025\/03\/06\/le-directeur-general-el-hachemy-cheikh-sidaty-decore-chevalier-de-lordre-du-merite-national\/#webpage\",\"url\":\"https:\/\/anarpam.mr\/en\/2025\/03\/06\/le-directeur-general-el-hachemy-cheikh-sidaty-decore-chevalier-de-lordre-du-merite-national\/\",\"name\":\"Le Directeur G\\u00e9n\\u00e9ral, El Hachemy Cheikh Sidaty d\\u00e9cor\\u00e9 chevalier de l\\u2019Ordre du M\\u00e9rite national - ANARPAM\",\"isPartOf\":{\"@id\":\"https:\/\/anarpam.mr\/en\/#website\"},\"primaryImageOfPage\":{\"@id\":\"https:\/\/anarpam.mr\/en\/2025\/03\/06\/le-directeur-general-el-hachemy-cheikh-sidaty-decore-chevalier-de-lordre-du-merite-national\/#primaryimage\"},\"datePublished\":\"2025-03-06T14:50:55+00:00\",\"dateModified\":\"2025-03-06T14:52:53+00:00\",\"breadcrumb\":{\"@id\":\"https:\/\/anarpam.mr\/en\/2025\/03\/06\/le-directeur-general-el-hachemy-cheikh-sidaty-decore-chevalier-de-lordre-du-merite-national\/#breadcrumb\"},\"inLanguage\":\"en-US\",\"potentialAction\":[{\"@type\":\"ReadAction\",\"target\":[\"https:\/\/anarpam.mr\/en\/2025\/03\/06\/le-directeur-general-el-hachemy-cheikh-sidaty-decore-chevalier-de-lordre-du-merite-national\/\"]}]},{\"@type\":\"BreadcrumbList\",\"@id\":\"https:\/\/anarpam.mr\/en\/2025\/03\/06\/le-directeur-general-el-hachemy-cheikh-sidaty-decore-chevalier-de-lordre-du-merite-national\/#breadcrumb\",\"itemListElement\":[{\"@type\":\"ListItem\",\"position\":1,\"name\":\"Accueil\",\"item\":\"https:\/\/anarpam.mr\/en\/\"},{\"@type\":\"ListItem\",\"position\":2,\"name\":\"Le Directeur G\\u00e9n\\u00e9ral, El Hachemy Cheikh Sidaty d\\u00e9cor\\u00e9 chevalier de l\\u2019Ordre du M\\u00e9rite national\"}]},{\"@type\":\"Article\",\"@id\":\"https:\/\/anarpam.mr\/en\/2025\/03\/06\/le-directeur-general-el-hachemy-cheikh-sidaty-decore-chevalier-de-lordre-du-merite-national\/#article\",\"isPartOf\":{\"@id\":\"https:\/\/anarpam.mr\/en\/2025\/03\/06\/le-directeur-general-el-hachemy-cheikh-sidaty-decore-chevalier-de-lordre-du-merite-national\/#webpage\"},\"author\":{\"@id\":\"https:\/\/anarpam.mr\/en\/#\/schema\/person\/2f048f8579af97b3b4f16e68a1ebeaff\"},\"headline\":\"Le Directeur G\\u00e9n\\u00e9ral, El Hachemy Cheikh Sidaty d\\u00e9cor\\u00e9 chevalier de l\\u2019Ordre du M\\u00e9rite national\",\"datePublished\":\"2025-03-06T14:50:55+00:00\",\"dateModified\":\"2025-03-06T14:52:53+00:00\",\"mainEntityOfPage\":{\"@id\":\"https:\/\/anarpam.mr\/en\/2025\/03\/06\/le-directeur-general-el-hachemy-cheikh-sidaty-decore-chevalier-de-lordre-du-merite-national\/#webpage\"},\"wordCount\":496,\"commentCount\":0,\"publisher\":{\"@id\":\"https:\/\/anarpam.mr\/en\/#organization\"},\"image\":{\"@id\":\"https:\/\/anarpam.mr\/en\/2025\/03\/06\/le-directeur-general-el-hachemy-cheikh-sidaty-decore-chevalier-de-lordre-du-merite-national\/#primaryimage\"},\"thumbnailUrl\":\"https:\/\/anarpam.mr\/wp-content\/uploads\/2025\/03\/WhatsApp-Image-2025-03-06-at-1.01.45-PM.jpeg\",\"inLanguage\":\"en-US\",\"potentialAction\":[{\"@type\":\"CommentAction\",\"name\":\"Comment\",\"target\":[\"https:\/\/anarpam.mr\/en\/2025\/03\/06\/le-directeur-general-el-hachemy-cheikh-sidaty-decore-chevalier-de-lordre-du-merite-national\/#respond\"]}]},{\"@type\":\"Person\",\"@id\":\"https:\/\/anarpam.mr\/en\/#\/schema\/person\/2f048f8579af97b3b4f16e68a1ebeaff\",\"name\":\"admin_anarpam\",\"image\":{\"@type\":\"ImageObject\",\"@id\":\"https:\/\/anarpam.mr\/en\/#personlogo\",\"inLanguage\":\"en-US\",\"url\":\"https:\/\/secure.gravatar.com\/avatar\/61d6e73a23e4e41b2c3690848434b70513b64c062b98d133af4955d798ad19ef?s=96&d=mm&r=g\",\"contentUrl\":\"https:\/\/secure.gravatar.com\/avatar\/61d6e73a23e4e41b2c3690848434b70513b64c062b98d133af4955d798ad19ef?s=96&d=mm&r=g\",\"caption\":\"admin_anarpam\"},\"sameAs\":[\"https:\/\/anarpam.mr\"],\"url\":\"https:\/\/anarpam.mr\/en\/author\/admin_anarpam\/\"}]}<\/script>\n<!-- \/ Yoast SEO plugin. -->","yoast_head_json":{"title":"Le Directeur G\u00e9n\u00e9ral, El Hachemy Cheikh Sidaty d\u00e9cor\u00e9 chevalier de l\u2019Ordre du M\u00e9rite national - ANARPAM","robots":{"index":"index","follow":"follow","max-snippet":"max-snippet:-1","max-image-preview":"max-image-preview:large","max-video-preview":"max-video-preview:-1"},"canonical":"https:\/\/anarpam.mr\/en\/2025\/03\/06\/le-directeur-general-el-hachemy-cheikh-sidaty-decore-chevalier-de-lordre-du-merite-national\/","og_locale":"en_US","og_type":"article","og_title":"Le Directeur G\u00e9n\u00e9ral, El Hachemy Cheikh Sidaty d\u00e9cor\u00e9 chevalier de l\u2019Ordre du M\u00e9rite national - ANARPAM","og_description":"Au nom de S.E. le Pr\u00e9sident de la R\u00e9publique, M. Mohamed Ould Cheikh El Ghazouani, le Directeur G\u00e9n\u00e9ral, El Hachemy Cheikh Sidaty, vient d\u2019\u00eatre d\u00e9cor\u00e9 chevalier de l\u2019Ordre du M\u00e9rite&hellip;","og_url":"https:\/\/anarpam.mr\/en\/2025\/03\/06\/le-directeur-general-el-hachemy-cheikh-sidaty-decore-chevalier-de-lordre-du-merite-national\/","og_site_name":"ANARPAM","article_published_time":"2025-03-06T14:50:55+00:00","article_modified_time":"2025-03-06T14:52:53+00:00","og_image":[{"width":1600,"height":1147,"filesize":205494,"url":"https:\/\/anarpam.mr\/wp-content\/uploads\/2025\/03\/WhatsApp-Image-2025-03-06-at-1.01.45-PM.jpeg","path":"\/home\/sc3yomo8016\/anarpam.mr\/wp-content\/uploads\/2025\/03\/WhatsApp-Image-2025-03-06-at-1.01.45-PM.jpeg","size":"full","id":2800,"alt":"","pixels":1835200,"type":"image\/jpeg"}],"twitter_card":"summary_large_image","twitter_misc":{"Written by":"admin_anarpam","Est. reading time":"1 minute"},"schema":{"@context":"https:\/\/schema.org","@graph":[{"@type":"Organization","@id":"https:\/\/anarpam.mr\/en\/#organization","name":"ANARPAM","url":"https:\/\/anarpam.mr\/en\/","sameAs":[],"logo":{"@type":"ImageObject","@id":"https:\/\/anarpam.mr\/en\/#logo","inLanguage":"en-US","url":"https:\/\/anarpam.mr\/wp-content\/uploads\/2026\/04\/favicon-master-512.png","contentUrl":"https:\/\/anarpam.mr\/wp-content\/uploads\/2026\/04\/favicon-master-512.png","width":512,"height":512,"caption":"ANARPAM"},"image":{"@id":"https:\/\/anarpam.mr\/en\/#logo"}},{"@type":"WebSite","@id":"https:\/\/anarpam.mr\/en\/#website","url":"https:\/\/anarpam.mr\/en\/","name":"ANARPAM","description":"","publisher":{"@id":"https:\/\/anarpam.mr\/en\/#organization"},"potentialAction":[{"@type":"SearchAction","target":{"@type":"EntryPoint","urlTemplate":"https:\/\/anarpam.mr\/en\/?s={search_term_string}"},"query-input":"required name=search_term_string"}],"inLanguage":"en-US"},{"@type":"ImageObject","@id":"https:\/\/anarpam.mr\/en\/2025\/03\/06\/le-directeur-general-el-hachemy-cheikh-sidaty-decore-chevalier-de-lordre-du-merite-national\/#primaryimage","inLanguage":"en-US","url":"https:\/\/anarpam.mr\/wp-content\/uploads\/2025\/03\/WhatsApp-Image-2025-03-06-at-1.01.45-PM.jpeg","contentUrl":"https:\/\/anarpam.mr\/wp-content\/uploads\/2025\/03\/WhatsApp-Image-2025-03-06-at-1.01.45-PM.jpeg","width":1600,"height":1147},{"@type":"WebPage","@id":"https:\/\/anarpam.mr\/en\/2025\/03\/06\/le-directeur-general-el-hachemy-cheikh-sidaty-decore-chevalier-de-lordre-du-merite-national\/#webpage","url":"https:\/\/anarpam.mr\/en\/2025\/03\/06\/le-directeur-general-el-hachemy-cheikh-sidaty-decore-chevalier-de-lordre-du-merite-national\/","name":"Le Directeur G\u00e9n\u00e9ral, El Hachemy Cheikh Sidaty d\u00e9cor\u00e9 chevalier de l\u2019Ordre du M\u00e9rite national - ANARPAM","isPartOf":{"@id":"https:\/\/anarpam.mr\/en\/#website"},"primaryImageOfPage":{"@id":"https:\/\/anarpam.mr\/en\/2025\/03\/06\/le-directeur-general-el-hachemy-cheikh-sidaty-decore-chevalier-de-lordre-du-merite-national\/#primaryimage"},"datePublished":"2025-03-06T14:50:55+00:00","dateModified":"2025-03-06T14:52:53+00:00","breadcrumb":{"@id":"https:\/\/anarpam.mr\/en\/2025\/03\/06\/le-directeur-general-el-hachemy-cheikh-sidaty-decore-chevalier-de-lordre-du-merite-national\/#breadcrumb"},"inLanguage":"en-US","potentialAction":[{"@type":"ReadAction","target":["https:\/\/anarpam.mr\/en\/2025\/03\/06\/le-directeur-general-el-hachemy-cheikh-sidaty-decore-chevalier-de-lordre-du-merite-national\/"]}]},{"@type":"BreadcrumbList","@id":"https:\/\/anarpam.mr\/en\/2025\/03\/06\/le-directeur-general-el-hachemy-cheikh-sidaty-decore-chevalier-de-lordre-du-merite-national\/#breadcrumb","itemListElement":[{"@type":"ListItem","position":1,"name":"Accueil","item":"https:\/\/anarpam.mr\/en\/"},{"@type":"ListItem","position":2,"name":"Le Directeur G\u00e9n\u00e9ral, El Hachemy Cheikh Sidaty d\u00e9cor\u00e9 chevalier de l\u2019Ordre du M\u00e9rite national"}]},{"@type":"Article","@id":"https:\/\/anarpam.mr\/en\/2025\/03\/06\/le-directeur-general-el-hachemy-cheikh-sidaty-decore-chevalier-de-lordre-du-merite-national\/#article","isPartOf":{"@id":"https:\/\/anarpam.mr\/en\/2025\/03\/06\/le-directeur-general-el-hachemy-cheikh-sidaty-decore-chevalier-de-lordre-du-merite-national\/#webpage"},"author":{"@id":"https:\/\/anarpam.mr\/en\/#\/schema\/person\/2f048f8579af97b3b4f16e68a1ebeaff"},"headline":"Le Directeur G\u00e9n\u00e9ral, El Hachemy Cheikh Sidaty d\u00e9cor\u00e9 chevalier de l\u2019Ordre du M\u00e9rite national","datePublished":"2025-03-06T14:50:55+00:00","dateModified":"2025-03-06T14:52:53+00:00","mainEntityOfPage":{"@id":"https:\/\/anarpam.mr\/en\/2025\/03\/06\/le-directeur-general-el-hachemy-cheikh-sidaty-decore-chevalier-de-lordre-du-merite-national\/#webpage"},"wordCount":496,"commentCount":0,"publisher":{"@id":"https:\/\/anarpam.mr\/en\/#organization"},"image":{"@id":"https:\/\/anarpam.mr\/en\/2025\/03\/06\/le-directeur-general-el-hachemy-cheikh-sidaty-decore-chevalier-de-lordre-du-merite-national\/#primaryimage"},"thumbnailUrl":"https:\/\/anarpam.mr\/wp-content\/uploads\/2025\/03\/WhatsApp-Image-2025-03-06-at-1.01.45-PM.jpeg","inLanguage":"en-US","potentialAction":[{"@type":"CommentAction","name":"Comment","target":["https:\/\/anarpam.mr\/en\/2025\/03\/06\/le-directeur-general-el-hachemy-cheikh-sidaty-decore-chevalier-de-lordre-du-merite-national\/#respond"]}]},{"@type":"Person","@id":"https:\/\/anarpam.mr\/en\/#\/schema\/person\/2f048f8579af97b3b4f16e68a1ebeaff","name":"admin_anarpam","image":{"@type":"ImageObject","@id":"https:\/\/anarpam.mr\/en\/#personlogo","inLanguage":"en-US","url":"https:\/\/secure.gravatar.com\/avatar\/61d6e73a23e4e41b2c3690848434b70513b64c062b98d133af4955d798ad19ef?s=96&d=mm&r=g","contentUrl":"https:\/\/secure.gravatar.com\/avatar\/61d6e73a23e4e41b2c3690848434b70513b64c062b98d133af4955d798ad19ef?s=96&d=mm&r=g","caption":"admin_anarpam"},"sameAs":["https:\/\/anarpam.mr"],"url":"https:\/\/anarpam.mr\/en\/author\/admin_anarpam\/"}]}},"_links":{"self":[{"href":"https:\/\/anarpam.mr\/en\/wp-json\/wp\/v2\/posts\/2799","targetHints":{"allow":["GET"]}}],"collection":[{"href":"https:\/\/anarpam.mr\/en\/wp-json\/wp\/v2\/posts"}],"about":[{"href":"https:\/\/anarpam.mr\/en\/wp-json\/wp\/v2\/types\/post"}],"author":[{"embeddable":true,"href":"https:\/\/anarpam.mr\/en\/wp-json\/wp\/v2\/users\/1"}],"replies":[{"embeddable":true,"href":"https:\/\/anarpam.mr\/en\/wp-json\/wp\/v2\/comments?post=2799"}],"version-history":[{"count":4,"href":"https:\/\/anarpam.mr\/en\/wp-json\/wp\/v2\/posts\/2799\/revisions"}],"predecessor-version":[{"id":2804,"href":"https:\/\/anarpam.mr\/en\/wp-json\/wp\/v2\/posts\/2799\/revisions\/2804"}],"wp:featuredmedia":[{"embeddable":true,"href":"https:\/\/anarpam.mr\/en\/wp-json\/wp\/v2\/media\/2800"}],"wp:attachment":[{"href":"https:\/\/anarpam.mr\/en\/wp-json\/wp\/v2\/media?parent=2799"}],"wp:term":[{"taxonomy":"category","embeddable":true,"href":"https:\/\/anarpam.mr\/en\/wp-json\/wp\/v2\/categories?post=2799"},{"taxonomy":"post_tag","embeddable":true,"href":"https:\/\/anarpam.mr\/en\/wp-json\/wp\/v2\/tags?post=2799"}],"curies":[{"name":"wp","href":"https:\/\/api.w.org\/{rel}","templated":true}]}}